{"id":72,"date":"2004-08-01T12:00:56","date_gmt":"2004-08-01T10:00:56","guid":{"rendered":"http:\/\/www.andreaszapf.de\/FDLBlog\/?p=72"},"modified":"2018-06-22T06:48:42","modified_gmt":"2018-06-22T04:48:42","slug":"fliegerhorst-upjever-luftwaffenstandort-infriesland-1936-2004","status":"publish","type":"post","link":"https:\/\/www.flugplaetze-der-luftwaffe.de\/?p=72","title":{"rendered":"Fliegerhorst Upjever &#8211; Luftwaffenstandort in Friesland 1936 &#8211; 2004"},"content":{"rendered":"<p><a href=\"http:\/\/www.flugplaetze-der-luftwaffe.de\/wp-content\/uploads\/2011\/10\/Upjever.jpg\" rel=\"lightbox[72]\"><img loading=\"lazy\" decoding=\"async\" class=\"alignleft size-full wp-image-73\" title=\"Upjever\" src=\"http:\/\/www.andreaszapf.de\/FDLBlog\/wp-content\/uploads\/2011\/10\/Upjever.jpg\" alt=\"\" width=\"200\" height=\"283\" \/><\/a>1986 war zum 50-j\u00e4hrigen Bestehen des Fliegerhorstes Upjever in Friesland von Sybille Schneider bereits eine Chronik des Platzes ver\u00f6ffentlicht worden. Dieses Buch ist seit langem vergriffen. In den vergangenen 18 Jahren hat sich auch vieles ereignet, das einer \u00f6ffentlichen Erw\u00e4hnung wert ist. Mit diesem Buch wird nun die Geschichte des Fliegerhorstes Upjever von seiner Erbauung bis zum Jahr 2004 auf der Basis der ersten Auflage weitestgehend neu erz\u00e4hlt. Berichtet wird dabei haupts\u00e4chlich von Menschen, die in gutem Glauben, das Richtige zu tun, auf dem Fliegerhorst ihren Dienst geleistet, auch gek\u00e4mpft und get\u00f6tet haben oder durch Geschosse des Gegners (manchmal auch der Freunde) oder durch Fehler (eigene, anderer Menschen oder der Technik) get\u00f6tet worden sind.<\/p>\n<p>Eine PDF Datei mit detailliertem Inhaltsverzeichnis sowie einigen Seiten als Leseprobe k\u00f6nnen Sie <a href=\"http:\/\/www.flugplaetze-der-luftwaffe.de\/wp-content\/uploads\/2011\/10\/Fliegerhorst-Upjever-Zapf-J%C3%BCrgen.pdf\" target=\"_blank\">hier<\/a> finden.<\/p>\n<p>464 S., \u00fcber 1000 teilweise farbige Abbildungen, Festeinband.<\/p>\n","protected":false},"excerpt":{"rendered":"<p>1986 war zum 50-j\u00e4hrigen Bestehen des Fliegerhorstes Upjever in Friesland von Sybille Schneider bereits eine Chronik des Platzes ver\u00f6ffentlicht worden. Dieses Buch ist seit langem vergriffen. In den vergangenen 18 Jahren hat sich auch vieles ereignet, das einer \u00f6ffentlichen Erw\u00e4hnung &hellip; <a href=\"https:\/\/www.flugplaetze-der-luftwaffe.de\/?p=72\">Continue reading <span class=\"meta-nav\">&rarr;<\/span><\/a><\/p>\n","protected":false},"author":4,"featured_media":0,"comment_status":"closed","ping_status":"open","sticky":false,"template":"","format":"standard","meta":{"spay_email":"","footnotes":""},"categories":[18,5],"tags":[],"class_list":["post-72","post","type-post","status-publish","format-standard","hentry","category-chronik","category-veroffentlichte-bucher"],"jetpack_featured_media_url":"","jetpack_shortlink":"https:\/\/wp.me\/p1RjFv-1a","_links":{"self":[{"href":"https:\/\/www.flugplaetze-der-luftwaffe.de\/index.php?rest_route=\/wp\/v2\/posts\/72","targetHints":{"allow":["GET"]}}],"collection":[{"href":"https:\/\/www.flugplaetze-der-luftwaffe.de\/index.php?rest_route=\/wp\/v2\/posts"}],"about":[{"href":"https:\/\/www.flugplaetze-der-luftwaffe.de\/index.php?rest_route=\/wp\/v2\/types\/post"}],"author":[{"embeddable":true,"href":"https:\/\/www.flugplaetze-der-luftwaffe.de\/index.php?rest_route=\/wp\/v2\/users\/4"}],"replies":[{"embeddable":true,"href":"https:\/\/www.flugplaetze-der-luftwaffe.de\/index.php?rest_route=%2Fwp%2Fv2%2Fcomments&post=72"}],"version-history":[{"count":7,"href":"https:\/\/www.flugplaetze-der-luftwaffe.de\/index.php?rest_route=\/wp\/v2\/posts\/72\/revisions"}],"predecessor-version":[{"id":319,"href":"https:\/\/www.flugplaetze-der-luftwaffe.de\/index.php?rest_route=\/wp\/v2\/posts\/72\/revisions\/319"}],"wp:attachment":[{"href":"https:\/\/www.flugplaetze-der-luftwaffe.de\/index.php?rest_route=%2Fwp%2Fv2%2Fmedia&parent=72"}],"wp:term":[{"taxonomy":"category","embeddable":true,"href":"https:\/\/www.flugplaetze-der-luftwaffe.de\/index.php?rest_route=%2Fwp%2Fv2%2Fcategories&post=72"},{"taxonomy":"post_tag","embeddable":true,"href":"https:\/\/www.flugplaetze-der-luftwaffe.de\/index.php?rest_route=%2Fwp%2Fv2%2Ftags&post=72"}],"curies":[{"name":"wp","href":"https:\/\/api.w.org\/{rel}","templated":true}]}}