{"id":607,"date":"2019-10-20T12:07:48","date_gmt":"2019-10-20T10:07:48","guid":{"rendered":"http:\/\/www.flugplaetze-der-luftwaffe.de\/?p=607"},"modified":"2019-10-20T14:31:53","modified_gmt":"2019-10-20T12:31:53","slug":"vorankundigung-band-11-nordrhein-westfalen","status":"publish","type":"post","link":"https:\/\/www.flugplaetze-der-luftwaffe.de\/?p=607","title":{"rendered":"Vorank\u00fcndigung: Band 11 &#8211; Nordrhein-Westfalen"},"content":{"rendered":"\n<div class=\"wp-block-image\"><figure class=\"alignleft is-resized\"><a href=\"https:\/\/www.flugplaetze-der-luftwaffe.de\/wp-content\/uploads\/2019\/10\/Band-11-Cover-800x.png\" rel=\"lightbox[607]\"><img loading=\"lazy\" decoding=\"async\" src=\"http:\/\/www.flugplaetze-der-luftwaffe.de\/wp-content\/uploads\/2019\/10\/Band-11-Cover-800x.png\" alt=\"\" class=\"wp-image-605\" width=\"216\" height=\"304\" srcset=\"https:\/\/www.flugplaetze-der-luftwaffe.de\/wp-content\/uploads\/2019\/10\/Band-11-Cover-800x.png 567w, https:\/\/www.flugplaetze-der-luftwaffe.de\/wp-content\/uploads\/2019\/10\/Band-11-Cover-800x-213x300.png 213w\" sizes=\"auto, (max-width: 216px) 100vw, 216px\" \/><\/a><\/figure><\/div>\n\n\n\n<p>In K\u00fcrze wird nun der lang erwartete Band 11 der Serie <em>&#8220;Flugpl\u00e4tze der Luftwaffe 1934-1945&#8230; und was von ihnen \u00fcbrig blieb&#8221;<\/em> erscheinen.<\/p>\n\n\n\n<p>Der Band deckt in gewohnt gr\u00fcndlicher Weise die Lage, Ausstattung und Geschichte von mehr als 80 Flugpl\u00e4tzen ab &#8211; von Aachen bis Wuppertal.<\/p>\n\n\n\n<p>Wieder einmal sind es die Quellen aus dem Bundesarchiv\/Milit\u00e4rarchiv in Freiburg, die eine sehr gute Grundlage schaffen &#8211; aber eben nicht alle Fragen beantworten k\u00f6nnen. Der Autor J\u00fcrgen Zapf schreibt dazu in seinem Vorwort:<\/p>\n\n\n\n<blockquote class=\"wp-block-quote is-layout-flow wp-block-quote-is-layout-flow\"><p>&#8220;Gerade die Entstehungsjahre der Fliegerhorste und der Luftwaffe sind immer noch nicht endg\u00fcltig und  nachvollziehbar gekl\u00e4rt und dokumentiert. Dies hat unter anderem seine Ursachen darin, dass viele Dokumente  aus dieser Zeit nur noch bruchst\u00fcckhaft vorhanden sind und oft angesprochene Bezugsdokumente v\u00f6llig  fehlen. Dadurch kommt es bei Ver\u00f6ffentlichungen immer noch zu sehr unterschiedlichen und manchmal  verwirrenden Angaben.<br><br> Noch eine Bemerkung zu den Angaben zur Belegung: Bei allen Flugpl\u00e4tzen ist es ziemlich schwer, die Belegung,  insbesondere w\u00e4hrend der Jahre 1935 bis 1938, ganz genau festzustellen. Der \u00fcberhastete Aufbau der  Luftwaffe mit den vielen \u201eZellteilungen\u201c, mit denen neue Einheiten aus dem Boden gestampft wurden, macht  es sehr schwer, die st\u00e4ndig wechselnden Bezeichnungen der Einheiten genau nachzuvollziehen. Dokumente aus dieser Zeit liegen nur vereinzelt vor. Aufstellungsbefehle sind andererseits auch teilweise bereits in der  Planungsphase widerrufen worden. Daher stellen die im Text gemachten Angaben die zum Zeitpunkt der  Drucklegung vollst\u00e4ndigsten bei mir vorhandenen Informationen dar.&#8221; <\/p><cite>J\u00fcrgen Zapf<\/cite><\/blockquote>\n\n\n\n<div class=\"wp-block-image\"><figure class=\"alignright is-resized\"><a href=\"https:\/\/www.flugplaetze-der-luftwaffe.de\/wp-content\/uploads\/2019\/10\/Band-11-Inhaltsverzeichnis.png\" rel=\"lightbox[607]\"><img loading=\"lazy\" decoding=\"async\" src=\"https:\/\/www.flugplaetze-der-luftwaffe.de\/wp-content\/uploads\/2019\/10\/Band-11-Inhaltsverzeichnis.png\" alt=\"\" class=\"wp-image-626\" width=\"273\" height=\"400\" srcset=\"https:\/\/www.flugplaetze-der-luftwaffe.de\/wp-content\/uploads\/2019\/10\/Band-11-Inhaltsverzeichnis.png 546w, https:\/\/www.flugplaetze-der-luftwaffe.de\/wp-content\/uploads\/2019\/10\/Band-11-Inhaltsverzeichnis-205x300.png 205w\" sizes=\"auto, (max-width: 273px) 100vw, 273px\" \/><\/a><figcaption>Das Inhaltsverzeichnis des 11. Bandes der Reihe &#8220;Flugpl\u00e4tze der Luftwaffe 1934 &#8211; 1945&#8221;<\/figcaption><\/figure><\/div>\n\n\n\n<p>Die Liste der im Band abgedeckten Flugpl\u00e4tze kann dem Auszug des Inhaltsverzeichnisses entnommen werden (siehe Bild).<\/p>\n\n\n\n<p>Neben den bereits genannten Pl\u00e4tzen <em>Aachen-Merzbr\u00fcck<\/em> und <em>Wuppertal <\/em>finden sich bekannte Pl\u00e4tze aus dem Westfeldzug wie z.B. <em>K\u00f6ln-Butzweilerhof<\/em> oder <em>M\u00fcnchen Gladbach<\/em> (damals die g\u00e4ngige Schreibweise) oder Nachtjagdpl\u00e4tze wie <em>Venlo <\/em>und <em>Bonn Hangelar<\/em>.<\/p>\n\n\n\n<p>Es sollte also f\u00fcr jeden Leser oder jede Leserin &#8220;etwas Passendes&#8221; dabei sein &#8211; und f\u00fcr lokale Historiker oder Luftwaffen-Interessierte allemal.<\/p>\n\n\n\n<p>Der Band wird auf der <em>Internationalen Flugzeugteileb\u00f6rse<\/em> in Speyer am 9. November 2019 am Stand des Verlags VDM Heinz Nickel erstmals in den Verkauf gehen &#8211; er kann nat\u00fcrlich auch ab November \u00fcber die <a href=\"https:\/\/www.vdmedien24.de\/navi.php?qs=J%FCrgen+Zapf&amp;search=\">Webseite des Verlags<\/a> oder den lokalen Buchhandel bezogen werden.<\/p>\n\n\n\n<p><\/p>\n\n\n\n<p><\/p>\n","protected":false},"excerpt":{"rendered":"<p>In K\u00fcrze wird nun der lang erwartete Band 11 der Serie &#8220;Flugpl\u00e4tze der Luftwaffe 1934-1945&#8230; und was von ihnen \u00fcbrig blieb&#8221; erscheinen. Der Band deckt in gewohnt gr\u00fcndlicher Weise die Lage, Ausstattung und Geschichte von mehr als 80 Flugpl\u00e4tzen ab &hellip; <a href=\"https:\/\/www.flugplaetze-der-luftwaffe.de\/?p=607\">Continue reading <span class=\"meta-nav\">&rarr;<\/span><\/a><\/p>\n","protected":false},"author":5,"featured_media":0,"comment_status":"closed","ping_status":"closed","sticky":false,"template":"","format":"standard","meta":{"spay_email":"","footnotes":""},"categories":[7,1],"tags":[],"class_list":["post-607","post","type-post","status-publish","format-standard","hentry","category-flugplatze-der-luftwaffe-1934-1945","category-uncategorized"],"jetpack_featured_media_url":"","jetpack_shortlink":"https:\/\/wp.me\/p1RjFv-9N","_links":{"self":[{"href":"https:\/\/www.flugplaetze-der-luftwaffe.de\/index.php?rest_route=\/wp\/v2\/posts\/607","targetHints":{"allow":["GET"]}}],"collection":[{"href":"https:\/\/www.flugplaetze-der-luftwaffe.de\/index.php?rest_route=\/wp\/v2\/posts"}],"about":[{"href":"https:\/\/www.flugplaetze-der-luftwaffe.de\/index.php?rest_route=\/wp\/v2\/types\/post"}],"author":[{"embeddable":true,"href":"https:\/\/www.flugplaetze-der-luftwaffe.de\/index.php?rest_route=\/wp\/v2\/users\/5"}],"replies":[{"embeddable":true,"href":"https:\/\/www.flugplaetze-der-luftwaffe.de\/index.php?rest_route=%2Fwp%2Fv2%2Fcomments&post=607"}],"version-history":[{"count":5,"href":"https:\/\/www.flugplaetze-der-luftwaffe.de\/index.php?rest_route=\/wp\/v2\/posts\/607\/revisions"}],"predecessor-version":[{"id":678,"href":"https:\/\/www.flugplaetze-der-luftwaffe.de\/index.php?rest_route=\/wp\/v2\/posts\/607\/revisions\/678"}],"wp:attachment":[{"href":"https:\/\/www.flugplaetze-der-luftwaffe.de\/index.php?rest_route=%2Fwp%2Fv2%2Fmedia&parent=607"}],"wp:term":[{"taxonomy":"category","embeddable":true,"href":"https:\/\/www.flugplaetze-der-luftwaffe.de\/index.php?rest_route=%2Fwp%2Fv2%2Fcategories&post=607"},{"taxonomy":"post_tag","embeddable":true,"href":"https:\/\/www.flugplaetze-der-luftwaffe.de\/index.php?rest_route=%2Fwp%2Fv2%2Ftags&post=607"}],"curies":[{"name":"wp","href":"https:\/\/api.w.org\/{rel}","templated":true}]}}