{"id":522,"date":"2016-11-04T21:16:56","date_gmt":"2016-11-04T20:16:56","guid":{"rendered":"http:\/\/www.flugplaetze-der-luftwaffe.de\/?p=522"},"modified":"2018-03-24T11:59:52","modified_gmt":"2018-03-24T10:59:52","slug":"jetzt-erhaltlich-band-10-baden-wurttemberg","status":"publish","type":"post","link":"https:\/\/www.flugplaetze-der-luftwaffe.de\/?p=522","title":{"rendered":"Jetzt erh\u00e4ltlich: Band 10: Baden-W\u00fcrttemberg"},"content":{"rendered":"<p><a href=\"http:\/\/www.flugplaetze-der-luftwaffe.de\/wp-content\/uploads\/2016\/11\/Cover_Bd10.jpg\" rel=\"lightbox[522]\"><img loading=\"lazy\" decoding=\"async\" class=\"alignleft size-medium wp-image-525\" src=\"http:\/\/www.flugplaetze-der-luftwaffe.de\/wp-content\/uploads\/2016\/11\/Cover_Bd10-204x300.jpg\" alt=\"cover_bd10\" width=\"204\" height=\"300\" srcset=\"https:\/\/www.flugplaetze-der-luftwaffe.de\/wp-content\/uploads\/2016\/11\/Cover_Bd10-204x300.jpg 204w, https:\/\/www.flugplaetze-der-luftwaffe.de\/wp-content\/uploads\/2016\/11\/Cover_Bd10.jpg 695w\" sizes=\"auto, (max-width: 204px) 100vw, 204px\" \/><\/a>Im jetzt vorliegenden zehnten Band der Reihe werden wiederum vornehmlich Flugpl\u00e4tze vorgestellt, die vor und zu Beginn des Zweiten Weltkriegs wie die im Band 9 bereits beschriebenen im Zust\u00e4ndigkeitsbereich des Luftgaukommandos VII M\u00fcnchen lagen.<\/p>\n<p>Einige wenige geh\u00f6rten in die Bereiche der Luftgaukommandos XII Wiesbaden und XIII N\u00fcrnberg. Zu den insgesamt 77 aufgef\u00fchrten Pl\u00e4tzen von Bad D\u00fcrrheim bis Zarten geh\u00f6ren wieder solche mit einer Geschichte, die bis in die Anfangstage der Fliegerei zur\u00fcckreicht, und andere, die nur wenige Tage genutzt oder auch nie fertiggestellt wurden.<\/p>\n<p>Dazu z\u00e4hlt auch wieder ein Platz, der mit einem &#8220;Waldwerk&#8221; zur Fertigung des damals modernsten Turbinenstrahlflugzeugs Messerschmitt Me 262 in Verbindung stand. Zus\u00e4tzlich werden auch die Geschichte der Fertigungsst\u00e4tte der Tragfl\u00e4che dieses Flugzeugs im Engelbergtunnel bei Leonberg, eine Anlage der Luftnachrichtentruppe und eine Luftmunitionsanstalt knapp beschrieben.<\/p>\n<p>Eine Leseprobe wird in den n\u00e4chsten Wochen erstellt.<\/p>\n","protected":false},"excerpt":{"rendered":"<p>Im jetzt vorliegenden zehnten Band der Reihe werden wiederum vornehmlich Flugpl\u00e4tze vorgestellt, die vor und zu Beginn des Zweiten Weltkriegs wie die im Band 9 bereits beschriebenen im Zust\u00e4ndigkeitsbereich des Luftgaukommandos VII M\u00fcnchen lagen. Einige wenige geh\u00f6rten in die Bereiche &hellip; <a href=\"https:\/\/www.flugplaetze-der-luftwaffe.de\/?p=522\">Continue reading <span class=\"meta-nav\">&rarr;<\/span><\/a><\/p>\n","protected":false},"author":4,"featured_media":0,"comment_status":"closed","ping_status":"open","sticky":false,"template":"","format":"standard","meta":{"spay_email":"","footnotes":""},"categories":[7],"tags":[],"class_list":["post-522","post","type-post","status-publish","format-standard","hentry","category-flugplatze-der-luftwaffe-1934-1945"],"jetpack_featured_media_url":"","jetpack_shortlink":"https:\/\/wp.me\/p1RjFv-8q","_links":{"self":[{"href":"https:\/\/www.flugplaetze-der-luftwaffe.de\/index.php?rest_route=\/wp\/v2\/posts\/522","targetHints":{"allow":["GET"]}}],"collection":[{"href":"https:\/\/www.flugplaetze-der-luftwaffe.de\/index.php?rest_route=\/wp\/v2\/posts"}],"about":[{"href":"https:\/\/www.flugplaetze-der-luftwaffe.de\/index.php?rest_route=\/wp\/v2\/types\/post"}],"author":[{"embeddable":true,"href":"https:\/\/www.flugplaetze-der-luftwaffe.de\/index.php?rest_route=\/wp\/v2\/users\/4"}],"replies":[{"embeddable":true,"href":"https:\/\/www.flugplaetze-der-luftwaffe.de\/index.php?rest_route=%2Fwp%2Fv2%2Fcomments&post=522"}],"version-history":[{"count":3,"href":"https:\/\/www.flugplaetze-der-luftwaffe.de\/index.php?rest_route=\/wp\/v2\/posts\/522\/revisions"}],"predecessor-version":[{"id":609,"href":"https:\/\/www.flugplaetze-der-luftwaffe.de\/index.php?rest_route=\/wp\/v2\/posts\/522\/revisions\/609"}],"wp:attachment":[{"href":"https:\/\/www.flugplaetze-der-luftwaffe.de\/index.php?rest_route=%2Fwp%2Fv2%2Fmedia&parent=522"}],"wp:term":[{"taxonomy":"category","embeddable":true,"href":"https:\/\/www.flugplaetze-der-luftwaffe.de\/index.php?rest_route=%2Fwp%2Fv2%2Fcategories&post=522"},{"taxonomy":"post_tag","embeddable":true,"href":"https:\/\/www.flugplaetze-der-luftwaffe.de\/index.php?rest_route=%2Fwp%2Fv2%2Ftags&post=522"}],"curies":[{"name":"wp","href":"https:\/\/api.w.org\/{rel}","templated":true}]}}