{"id":494,"date":"2015-04-16T10:18:00","date_gmt":"2015-04-16T08:18:00","guid":{"rendered":"http:\/\/www.flugplaetze-der-luftwaffe.de\/?p=494"},"modified":"2019-01-12T08:27:50","modified_gmt":"2019-01-12T07:27:50","slug":"flugplatze-der-luftwaffe-1934-1945-und-was-von-ihnen-ubrig-blieb-band-9-bayern-luftgau-vii-jetzt-im-handel","status":"publish","type":"post","link":"https:\/\/www.flugplaetze-der-luftwaffe.de\/?p=494","title":{"rendered":"Flugpl\u00e4tze der Luftwaffe 1934 \u2013 1945\u2026 und was von ihnen \u00fcbrig blieb \u2013 Band 9: Bayern \u2013 Luftgau VII &#8211; jetzt im Handel"},"content":{"rendered":"<p>Auf der Flugzeugteileb\u00f6rse in Speyer am letzten Samstag war es endlich so weit: der bereits angek\u00fcndigte Band 9 der Serie <em>Flugpl\u00e4tze der Luftwaffe 1934 &#8211; 1945&#8230; und was von ihnen \u00fcbrig blieb<\/em> ist nun im Handel erh\u00e4ltlich.<\/p>\n<p><a href=\"http:\/\/www.flugplaetze-der-luftwaffe.de\/wp-content\/uploads\/2015\/04\/Image-01-Speyer-2015-Books.jpg\" rel=\"lightbox[494]\"><img loading=\"lazy\" decoding=\"async\" class=\"alignleft wp-image-495 size-medium\" src=\"http:\/\/www.flugplaetze-der-luftwaffe.de\/wp-content\/uploads\/2015\/04\/Image-01-Speyer-2015-Books-300x199.jpg\" alt=\"Image 01 - Speyer 2015 - Books\" width=\"300\" height=\"199\" srcset=\"https:\/\/www.flugplaetze-der-luftwaffe.de\/wp-content\/uploads\/2015\/04\/Image-01-Speyer-2015-Books-300x199.jpg 300w, https:\/\/www.flugplaetze-der-luftwaffe.de\/wp-content\/uploads\/2015\/04\/Image-01-Speyer-2015-Books.jpg 1024w\" sizes=\"auto, (max-width: 300px) 100vw, 300px\" \/><\/a>Mit diesem Band komplettiert sich die Abdeckung des Freistaats Bayern, der auf Grund der Menge der Pl\u00e4tze auf zwei B\u00e4nde verteil werden musste: Band 8 f\u00fcr den Bereich des ehemaligen <em>Luftgaus XIII: N\u00fcrnberg<\/em> und Band 9 f\u00fcr den ehemaligen <em>Luftgau VII: M\u00fcnchen<\/em>.<\/p>\n<p>Band 9 &#8211; sowie alle \u00fcbrigen B\u00e4nde auch &#8211; kann direkt vom VDM Verlag bezogen werden (<a href=\"http:\/\/www.vdmedien24.de\/Flugplaetze-der-Luftwaffe-1934-1945-und-was-davon-uebrig-blieb-Band-9-Bayern-Luftgau-VII-Muenchen-Juergen-Zapf_1\" target=\"_blank\" rel=\"noopener\">hier<\/a>) oder auch via Amazon (<a href=\"http:\/\/www.amazon.de\/Flugpl%C3%A4tze-Luftwaffe-1934-1945-davon-%C3%BCbrig\/dp\/386619093X\/ref=sr_1_1?s=books&amp;ie=UTF8&amp;qid=1429191434&amp;sr=1-1&amp;keywords=Flugpl%C3%A4tze+der+Luftwaffe+Band+9\" target=\"_blank\" rel=\"noopener\">hier<\/a>).<\/p>\n<p>Mit gro\u00dfer Freude konnte dann\u00a0am Erscheinungstag in Speyer auch ein reges Interesse am neuen Band zur Kenntnis genommen werden.<a href=\"http:\/\/www.flugplaetze-der-luftwaffe.de\/wp-content\/uploads\/2015\/04\/GDPR-Image-Removal-800px.jpg\" rel=\"lightbox[494]\"><img loading=\"lazy\" decoding=\"async\" class=\"alignright size-full wp-image-552\" src=\"http:\/\/www.flugplaetze-der-luftwaffe.de\/wp-content\/uploads\/2015\/04\/GDPR-Image-Removal-800px.jpg\" alt=\"\" width=\"800\" height=\"450\" srcset=\"https:\/\/www.flugplaetze-der-luftwaffe.de\/wp-content\/uploads\/2015\/04\/GDPR-Image-Removal-800px.jpg 800w, https:\/\/www.flugplaetze-der-luftwaffe.de\/wp-content\/uploads\/2015\/04\/GDPR-Image-Removal-800px-300x169.jpg 300w, https:\/\/www.flugplaetze-der-luftwaffe.de\/wp-content\/uploads\/2015\/04\/GDPR-Image-Removal-800px-768x432.jpg 768w\" sizes=\"auto, (max-width: 800px) 100vw, 800px\" \/><\/a>Damit sind nun weite Teile des heutigen Bundesgebiets abgedeckt &#8211; die Grafik zeigt all momentan besprochenen Bundesl\u00e4nder in Blau, noch nicht abgedeckte Bundesl\u00e4nder in Wei\u00df.<\/p>\n<p><a href=\"http:\/\/www.flugplaetze-der-luftwaffe.de\/wp-content\/uploads\/2015\/04\/Deutschland.png\" rel=\"lightbox[494]\"><img loading=\"lazy\" decoding=\"async\" class=\"aligncenter size-full wp-image-498\" src=\"http:\/\/www.flugplaetze-der-luftwaffe.de\/wp-content\/uploads\/2015\/04\/Deutschland.png\" alt=\"Deutschland\" width=\"394\" height=\"537\" srcset=\"https:\/\/www.flugplaetze-der-luftwaffe.de\/wp-content\/uploads\/2015\/04\/Deutschland.png 394w, https:\/\/www.flugplaetze-der-luftwaffe.de\/wp-content\/uploads\/2015\/04\/Deutschland-220x300.png 220w\" sizes=\"auto, (max-width: 394px) 100vw, 394px\" \/><\/a><\/p>\n","protected":false},"excerpt":{"rendered":"<p>Auf der Flugzeugteileb\u00f6rse in Speyer am letzten Samstag war es endlich so weit: der bereits angek\u00fcndigte Band 9 der Serie Flugpl\u00e4tze der Luftwaffe 1934 &#8211; 1945&#8230; und was von ihnen \u00fcbrig blieb ist nun im Handel erh\u00e4ltlich. Mit diesem Band &hellip; <a href=\"https:\/\/www.flugplaetze-der-luftwaffe.de\/?p=494\">Continue reading <span class=\"meta-nav\">&rarr;<\/span><\/a><\/p>\n","protected":false},"author":4,"featured_media":495,"comment_status":"closed","ping_status":"closed","sticky":false,"template":"","format":"standard","meta":{"spay_email":"","footnotes":""},"categories":[19,7],"tags":[23],"class_list":["post-494","post","type-post","status-publish","format-standard","has-post-thumbnail","hentry","category-ankundigungen-neuerscheinungen","category-flugplatze-der-luftwaffe-1934-1945","tag-bayern"],"jetpack_featured_media_url":"https:\/\/www.flugplaetze-der-luftwaffe.de\/wp-content\/uploads\/2015\/04\/Image-01-Speyer-2015-Books.jpg","jetpack_shortlink":"https:\/\/wp.me\/p1RjFv-7Y","_links":{"self":[{"href":"https:\/\/www.flugplaetze-der-luftwaffe.de\/index.php?rest_route=\/wp\/v2\/posts\/494","targetHints":{"allow":["GET"]}}],"collection":[{"href":"https:\/\/www.flugplaetze-der-luftwaffe.de\/index.php?rest_route=\/wp\/v2\/posts"}],"about":[{"href":"https:\/\/www.flugplaetze-der-luftwaffe.de\/index.php?rest_route=\/wp\/v2\/types\/post"}],"author":[{"embeddable":true,"href":"https:\/\/www.flugplaetze-der-luftwaffe.de\/index.php?rest_route=\/wp\/v2\/users\/4"}],"replies":[{"embeddable":true,"href":"https:\/\/www.flugplaetze-der-luftwaffe.de\/index.php?rest_route=%2Fwp%2Fv2%2Fcomments&post=494"}],"version-history":[{"count":7,"href":"https:\/\/www.flugplaetze-der-luftwaffe.de\/index.php?rest_route=\/wp\/v2\/posts\/494\/revisions"}],"predecessor-version":[{"id":554,"href":"https:\/\/www.flugplaetze-der-luftwaffe.de\/index.php?rest_route=\/wp\/v2\/posts\/494\/revisions\/554"}],"wp:featuredmedia":[{"embeddable":true,"href":"https:\/\/www.flugplaetze-der-luftwaffe.de\/index.php?rest_route=\/wp\/v2\/media\/495"}],"wp:attachment":[{"href":"https:\/\/www.flugplaetze-der-luftwaffe.de\/index.php?rest_route=%2Fwp%2Fv2%2Fmedia&parent=494"}],"wp:term":[{"taxonomy":"category","embeddable":true,"href":"https:\/\/www.flugplaetze-der-luftwaffe.de\/index.php?rest_route=%2Fwp%2Fv2%2Fcategories&post=494"},{"taxonomy":"post_tag","embeddable":true,"href":"https:\/\/www.flugplaetze-der-luftwaffe.de\/index.php?rest_route=%2Fwp%2Fv2%2Ftags&post=494"}],"curies":[{"name":"wp","href":"https:\/\/api.w.org\/{rel}","templated":true}]}}