{"id":488,"date":"2015-03-18T18:17:44","date_gmt":"2015-03-18T17:17:44","guid":{"rendered":"http:\/\/www.flugplaetze-der-luftwaffe.de\/?p=488"},"modified":"2018-03-24T11:59:52","modified_gmt":"2018-03-24T10:59:52","slug":"leseprobe-flugplatze-der-luftwaffe-1934-1945-und-was-von-ihnen-ubrig-blieb-band-9-bayern-luftgau-vii","status":"publish","type":"post","link":"https:\/\/www.flugplaetze-der-luftwaffe.de\/?p=488","title":{"rendered":"Leseprobe: Flugpl\u00e4tze der Luftwaffe 1934 \u2013 1945\u2026 und was von ihnen \u00fcbrig blieb \u2013 Band 9: Bayern \u2013 Luftgau VII"},"content":{"rendered":"<p><a href=\"http:\/\/www.flugplaetze-der-luftwaffe.de\/wp-content\/uploads\/2015\/03\/Band9_U1-200px.jpg\" rel=\"lightbox[488]\"><img loading=\"lazy\" decoding=\"async\" class=\"alignleft size-full wp-image-489\" src=\"http:\/\/www.flugplaetze-der-luftwaffe.de\/wp-content\/uploads\/2015\/03\/Band9_U1-200px.jpg\" alt=\"Band9_U1-200px\" width=\"200\" height=\"283\" \/><\/a>Wie vor wenigen Tagen <a title=\"Frisch aus der Druckvorschau \u2013 das Inhaltsverzeichnis Band 9: Bayern Luftgau VII M\u00fcnchen\" href=\"http:\/\/www.flugplaetze-der-luftwaffe.de\/?p=477\">berichtet<\/a>, geht nun auch Band 9 der Serie <em>Flugpl\u00e4tze der Luftwaffe 1934 &#8211; 1945&#8230; und was von ihnen \u00fcbrig blieb<\/em> in Druck. Wie in den letzten Jahre auch, haben wir wieder eine umfassende Leseprobe zusammengestellt, sie ist &#8211; zusammen mit den Leseproben der \u00fcbrigen B\u00e4nde &#8211; auf <a title=\"Leseproben\" href=\"http:\/\/www.flugplaetze-der-luftwaffe.de\/?page_id=439\" target=\"_blank\">dieser Seite<\/a> zu finden.<\/p>\n<p>Auch dieses mal haben wir\u00a0wieder eine Vielzahl von Seiten herausgesucht, um einen m\u00f6glichst umfassenden \u00dcberblick bieten zu k\u00f6nnen. Um die Dateigr\u00f6\u00dfe einigerma\u00dfen im Rahmen zu halten (was mit etwa 30 MB bedingt gelungen ist) aber auch im Hinblick auf die Einschr\u00e4nkung von Nutzung und Weitergabe des enthaltenen Bildinformationen haben wir bewusst die Qualit\u00e4t der Leseprobe reduziert. Wir bitten hierf\u00fcr um Verst\u00e4ndnis und w\u00fcnschen &#8220;Viel Spa\u00df!&#8221; beim St\u00f6bern.<\/p>\n<p>Wenn alles gut geht, dann ist der neue Band ab Mitte April bei den \u00fcblichen Bezugsquellen zu erhalten.<\/p>\n","protected":false},"excerpt":{"rendered":"<p>Wie vor wenigen Tagen berichtet, geht nun auch Band 9 der Serie Flugpl\u00e4tze der Luftwaffe 1934 &#8211; 1945&#8230; und was von ihnen \u00fcbrig blieb in Druck. Wie in den letzten Jahre auch, haben wir wieder eine umfassende Leseprobe zusammengestellt, sie &hellip; <a href=\"https:\/\/www.flugplaetze-der-luftwaffe.de\/?p=488\">Continue reading <span class=\"meta-nav\">&rarr;<\/span><\/a><\/p>\n","protected":false},"author":4,"featured_media":0,"comment_status":"closed","ping_status":"open","sticky":false,"template":"","format":"standard","meta":{"spay_email":"","footnotes":""},"categories":[19,7],"tags":[23],"class_list":["post-488","post","type-post","status-publish","format-standard","hentry","category-ankundigungen-neuerscheinungen","category-flugplatze-der-luftwaffe-1934-1945","tag-bayern"],"jetpack_featured_media_url":"","jetpack_shortlink":"https:\/\/wp.me\/p1RjFv-7S","_links":{"self":[{"href":"https:\/\/www.flugplaetze-der-luftwaffe.de\/index.php?rest_route=\/wp\/v2\/posts\/488","targetHints":{"allow":["GET"]}}],"collection":[{"href":"https:\/\/www.flugplaetze-der-luftwaffe.de\/index.php?rest_route=\/wp\/v2\/posts"}],"about":[{"href":"https:\/\/www.flugplaetze-der-luftwaffe.de\/index.php?rest_route=\/wp\/v2\/types\/post"}],"author":[{"embeddable":true,"href":"https:\/\/www.flugplaetze-der-luftwaffe.de\/index.php?rest_route=\/wp\/v2\/users\/4"}],"replies":[{"embeddable":true,"href":"https:\/\/www.flugplaetze-der-luftwaffe.de\/index.php?rest_route=%2Fwp%2Fv2%2Fcomments&post=488"}],"version-history":[{"count":2,"href":"https:\/\/www.flugplaetze-der-luftwaffe.de\/index.php?rest_route=\/wp\/v2\/posts\/488\/revisions"}],"predecessor-version":[{"id":491,"href":"https:\/\/www.flugplaetze-der-luftwaffe.de\/index.php?rest_route=\/wp\/v2\/posts\/488\/revisions\/491"}],"wp:attachment":[{"href":"https:\/\/www.flugplaetze-der-luftwaffe.de\/index.php?rest_route=%2Fwp%2Fv2%2Fmedia&parent=488"}],"wp:term":[{"taxonomy":"category","embeddable":true,"href":"https:\/\/www.flugplaetze-der-luftwaffe.de\/index.php?rest_route=%2Fwp%2Fv2%2Fcategories&post=488"},{"taxonomy":"post_tag","embeddable":true,"href":"https:\/\/www.flugplaetze-der-luftwaffe.de\/index.php?rest_route=%2Fwp%2Fv2%2Ftags&post=488"}],"curies":[{"name":"wp","href":"https:\/\/api.w.org\/{rel}","templated":true}]}}