{"id":477,"date":"2015-03-12T10:03:06","date_gmt":"2015-03-12T09:03:06","guid":{"rendered":"http:\/\/www.flugplaetze-der-luftwaffe.de\/?p=477"},"modified":"2018-03-24T11:59:52","modified_gmt":"2018-03-24T10:59:52","slug":"frisch-aus-der-druckvorschau-das-inhaltsverzeichnis-band-9-bayern-luftgau-vii-munchen","status":"publish","type":"post","link":"https:\/\/www.flugplaetze-der-luftwaffe.de\/?p=477","title":{"rendered":"Frisch aus der Druckvorschau \u2013 das Inhaltsverzeichnis Band 9: Bayern Luftgau VII M\u00fcnchen"},"content":{"rendered":"<p><a href=\"http:\/\/www.flugplaetze-der-luftwaffe.de\/wp-content\/uploads\/2015\/03\/Full-Header-Filmstreifen.jpg\" rel=\"lightbox[477]\"><img loading=\"lazy\" decoding=\"async\" class=\"alignleft size-full wp-image-482\" src=\"http:\/\/www.flugplaetze-der-luftwaffe.de\/wp-content\/uploads\/2015\/03\/Full-Header-Filmstreifen.jpg\" alt=\"Full Header - Filmstreifen\" width=\"1280\" height=\"288\" srcset=\"https:\/\/www.flugplaetze-der-luftwaffe.de\/wp-content\/uploads\/2015\/03\/Full-Header-Filmstreifen.jpg 1280w, https:\/\/www.flugplaetze-der-luftwaffe.de\/wp-content\/uploads\/2015\/03\/Full-Header-Filmstreifen-300x68.jpg 300w, https:\/\/www.flugplaetze-der-luftwaffe.de\/wp-content\/uploads\/2015\/03\/Full-Header-Filmstreifen-1024x230.jpg 1024w\" sizes=\"auto, (max-width: 1280px) 100vw, 1280px\" \/><\/a><br \/>\nAls wir im Oktober 2013 die ersten Seiten\u00a0aus\u00a0Band 8 der Reihe <em>Flugpl\u00e4tze der Luftwaffe\u00a01934 &#8211; 1945<\/em> hier <a href=\"http:\/\/www.flugplaetze-der-luftwaffe.de\/?p=394\">vorstellten<\/a>, war klar geworden, dass das Fl\u00e4chenland Bayern nicht in einem Band\u00a0abgedeckt werden konnte &#8211; daf\u00fcr waren es einfach zu viele Flugpl\u00e4tze.<\/p>\n<p>Heute, 17 Monate sp\u00e4ter, erscheint mit Band 9 der Reihe nun die Fortsetzung mit den\u00a0auf dem bayerischen Staatsgebiet liegenden Pl\u00e4tzen des ehemaligen Luftgau VII M\u00fcnchen. Der Band geht in den n\u00e4chsten Tagen &#8220;in Druck&#8221; und wieder m\u00f6chte ich zeitnah zumindest einen Blick auf das Inhaltsverzeichnis erm\u00f6glichen.<\/p>\n<p><a href=\"http:\/\/www.flugplaetze-der-luftwaffe.de\/wp-content\/uploads\/2015\/03\/Sneak-Preview-Inhalt.jpg\" rel=\"lightbox[477]\"><img loading=\"lazy\" decoding=\"async\" class=\"alignleft size-full wp-image-480\" src=\"http:\/\/www.flugplaetze-der-luftwaffe.de\/wp-content\/uploads\/2015\/03\/Sneak-Preview-Inhalt.jpg\" alt=\"Sneak Preview Inhalt\" width=\"682\" height=\"815\" srcset=\"https:\/\/www.flugplaetze-der-luftwaffe.de\/wp-content\/uploads\/2015\/03\/Sneak-Preview-Inhalt.jpg 682w, https:\/\/www.flugplaetze-der-luftwaffe.de\/wp-content\/uploads\/2015\/03\/Sneak-Preview-Inhalt-251x300.jpg 251w\" sizes=\"auto, (max-width: 682px) 100vw, 682px\" \/><\/a><\/p>\n<p>Selbstverst\u00e4ndlich finden sich in auch in diesem Band neben Fotos des aktuellen Zustandes der ehemaligen Luftwaffenpl\u00e4tze auch zahlreiche zeitgen\u00f6ssische Aufnahmen, Luftaufnahmen der Alliierten und Lagekarten zur besseren Orientierung.<\/p>\n<p>Sobald die finale\u00a0Druckvorstufe\u00a0verf\u00fcgbar ist, werden wir an dieser Stelle auch wieder eine Leseprobe verf\u00fcgbar machen.<\/p>\n","protected":false},"excerpt":{"rendered":"<p>Als wir im Oktober 2013 die ersten Seiten\u00a0aus\u00a0Band 8 der Reihe Flugpl\u00e4tze der Luftwaffe\u00a01934 &#8211; 1945 hier vorstellten, war klar geworden, dass das Fl\u00e4chenland Bayern nicht in einem Band\u00a0abgedeckt werden konnte &#8211; daf\u00fcr waren es einfach zu viele Flugpl\u00e4tze. Heute, &hellip; <a href=\"https:\/\/www.flugplaetze-der-luftwaffe.de\/?p=477\">Continue reading <span class=\"meta-nav\">&rarr;<\/span><\/a><\/p>\n","protected":false},"author":4,"featured_media":0,"comment_status":"closed","ping_status":"open","sticky":false,"template":"","format":"standard","meta":{"spay_email":"","footnotes":""},"categories":[19,7],"tags":[23],"class_list":["post-477","post","type-post","status-publish","format-standard","hentry","category-ankundigungen-neuerscheinungen","category-flugplatze-der-luftwaffe-1934-1945","tag-bayern"],"jetpack_featured_media_url":"","jetpack_shortlink":"https:\/\/wp.me\/p1RjFv-7H","_links":{"self":[{"href":"https:\/\/www.flugplaetze-der-luftwaffe.de\/index.php?rest_route=\/wp\/v2\/posts\/477","targetHints":{"allow":["GET"]}}],"collection":[{"href":"https:\/\/www.flugplaetze-der-luftwaffe.de\/index.php?rest_route=\/wp\/v2\/posts"}],"about":[{"href":"https:\/\/www.flugplaetze-der-luftwaffe.de\/index.php?rest_route=\/wp\/v2\/types\/post"}],"author":[{"embeddable":true,"href":"https:\/\/www.flugplaetze-der-luftwaffe.de\/index.php?rest_route=\/wp\/v2\/users\/4"}],"replies":[{"embeddable":true,"href":"https:\/\/www.flugplaetze-der-luftwaffe.de\/index.php?rest_route=%2Fwp%2Fv2%2Fcomments&post=477"}],"version-history":[{"count":5,"href":"https:\/\/www.flugplaetze-der-luftwaffe.de\/index.php?rest_route=\/wp\/v2\/posts\/477\/revisions"}],"predecessor-version":[{"id":521,"href":"https:\/\/www.flugplaetze-der-luftwaffe.de\/index.php?rest_route=\/wp\/v2\/posts\/477\/revisions\/521"}],"wp:attachment":[{"href":"https:\/\/www.flugplaetze-der-luftwaffe.de\/index.php?rest_route=%2Fwp%2Fv2%2Fmedia&parent=477"}],"wp:term":[{"taxonomy":"category","embeddable":true,"href":"https:\/\/www.flugplaetze-der-luftwaffe.de\/index.php?rest_route=%2Fwp%2Fv2%2Fcategories&post=477"},{"taxonomy":"post_tag","embeddable":true,"href":"https:\/\/www.flugplaetze-der-luftwaffe.de\/index.php?rest_route=%2Fwp%2Fv2%2Ftags&post=477"}],"curies":[{"name":"wp","href":"https:\/\/api.w.org\/{rel}","templated":true}]}}