{"id":47,"date":"2003-10-15T12:00:31","date_gmt":"2003-10-15T10:00:31","guid":{"rendered":"http:\/\/www.andreaszapf.de\/FDLBlog\/?p=47"},"modified":"2018-06-22T06:48:42","modified_gmt":"2018-06-22T04:48:42","slug":"flugplatze-der-luftwaffe-1934-1945-und-was-von-ihnen-ubrig-blieb-band-3-thuringen","status":"publish","type":"post","link":"https:\/\/www.flugplaetze-der-luftwaffe.de\/?p=47","title":{"rendered":"Flugpl\u00e4tze der Luftwaffe 1934 &#8211; 1945&#8230; und was von ihnen \u00fcbrig blieb &#8211; Band 3: Th\u00fcringen"},"content":{"rendered":"<p><a href=\"http:\/\/www.flugplaetze-der-luftwaffe.de\/wp-content\/uploads\/2011\/10\/Band3.jpg\" rel=\"lightbox[47]\"><img loading=\"lazy\" decoding=\"async\" class=\"alignleft size-full wp-image-48\" title=\"Band3\" src=\"http:\/\/www.andreaszapf.de\/FDLBlog\/wp-content\/uploads\/2011\/10\/Band3.jpg\" alt=\"\" width=\"200\" height=\"284\" \/><\/a>Im dritten Band der Reihe wird die Geschichte der Luftwaffenflugpl\u00e4tze im heutigen Freistaat Th\u00fcringen beschrieben. Neben den westalliierten Aufkl\u00e4rungsergebnissen wurden wieder Luftaufnahmen aus der Kriegszeit verwendet, zus\u00e4tzlich aber auch sowjetische Aufnahmen aus dem Jahr 1953.<\/p>\n<p>Eine PDF Datei mit Inhaltsverzeichnis und Leseproben finden Sie <a title=\"Leseproben\" href=\"http:\/\/www.flugplaetze-der-luftwaffe.de\/?page_id=439\" target=\"_blank\">hier<\/a>.<\/p>\n<p>239 S., A4, 177 Farbfotos, 101 s\/w-Abbildungen.<\/p>\n","protected":false},"excerpt":{"rendered":"<p>Im dritten Band der Reihe wird die Geschichte der Luftwaffenflugpl\u00e4tze im heutigen Freistaat Th\u00fcringen beschrieben. Neben den westalliierten Aufkl\u00e4rungsergebnissen wurden wieder Luftaufnahmen aus der Kriegszeit verwendet, zus\u00e4tzlich aber auch sowjetische Aufnahmen aus dem Jahr 1953. Eine PDF Datei mit Inhaltsverzeichnis &hellip; <a href=\"https:\/\/www.flugplaetze-der-luftwaffe.de\/?p=47\">Continue reading <span class=\"meta-nav\">&rarr;<\/span><\/a><\/p>\n","protected":false},"author":4,"featured_media":0,"comment_status":"closed","ping_status":"open","sticky":false,"template":"","format":"standard","meta":{"spay_email":"","footnotes":""},"categories":[7,5],"tags":[13],"class_list":["post-47","post","type-post","status-publish","format-standard","hentry","category-flugplatze-der-luftwaffe-1934-1945","category-veroffentlichte-bucher","tag-thuringen"],"jetpack_featured_media_url":"","jetpack_shortlink":"https:\/\/wp.me\/p1RjFv-L","_links":{"self":[{"href":"https:\/\/www.flugplaetze-der-luftwaffe.de\/index.php?rest_route=\/wp\/v2\/posts\/47","targetHints":{"allow":["GET"]}}],"collection":[{"href":"https:\/\/www.flugplaetze-der-luftwaffe.de\/index.php?rest_route=\/wp\/v2\/posts"}],"about":[{"href":"https:\/\/www.flugplaetze-der-luftwaffe.de\/index.php?rest_route=\/wp\/v2\/types\/post"}],"author":[{"embeddable":true,"href":"https:\/\/www.flugplaetze-der-luftwaffe.de\/index.php?rest_route=\/wp\/v2\/users\/4"}],"replies":[{"embeddable":true,"href":"https:\/\/www.flugplaetze-der-luftwaffe.de\/index.php?rest_route=%2Fwp%2Fv2%2Fcomments&post=47"}],"version-history":[{"count":8,"href":"https:\/\/www.flugplaetze-der-luftwaffe.de\/index.php?rest_route=\/wp\/v2\/posts\/47\/revisions"}],"predecessor-version":[{"id":462,"href":"https:\/\/www.flugplaetze-der-luftwaffe.de\/index.php?rest_route=\/wp\/v2\/posts\/47\/revisions\/462"}],"wp:attachment":[{"href":"https:\/\/www.flugplaetze-der-luftwaffe.de\/index.php?rest_route=%2Fwp%2Fv2%2Fmedia&parent=47"}],"wp:term":[{"taxonomy":"category","embeddable":true,"href":"https:\/\/www.flugplaetze-der-luftwaffe.de\/index.php?rest_route=%2Fwp%2Fv2%2Fcategories&post=47"},{"taxonomy":"post_tag","embeddable":true,"href":"https:\/\/www.flugplaetze-der-luftwaffe.de\/index.php?rest_route=%2Fwp%2Fv2%2Ftags&post=47"}],"curies":[{"name":"wp","href":"https:\/\/api.w.org\/{rel}","templated":true}]}}