{"id":457,"date":"2015-01-04T13:23:21","date_gmt":"2015-01-04T12:23:21","guid":{"rendered":"http:\/\/www.flugplaetze-der-luftwaffe.de\/?p=457"},"modified":"2018-03-24T11:59:52","modified_gmt":"2018-03-24T10:59:52","slug":"restrukturierung-der-leseproben","status":"publish","type":"post","link":"https:\/\/www.flugplaetze-der-luftwaffe.de\/?p=457","title":{"rendered":"Restrukturierung der Leseproben"},"content":{"rendered":"<p>Nach insgesamt nun 8 B\u00e4nden der Reihe <em>Flugpl\u00e4tze der Luftwaffe 1934 &#8211; 1945&#8230; und was von ihnen \u00fcbrig blieb<\/em> mussten wir den Aufbau dieser Seite hinsichtlich der Leseproben ver\u00e4ndern, es war schlicht zu un\u00fcbersichtlich geworden.<\/p>\n<p>Alle verf\u00fcgbaren Leseproben sind nun \u00fcber eine Seite auffindbar &#8211; und zwar unter <a title=\"Leseproben\" href=\"http:\/\/www.flugplaetze-der-luftwaffe.de\/?page_id=439\">Leseproben<\/a>, auch \u00fcber das Menu der Seite einfach auffindbar.<\/p>\n<p>Im Zuge dieser Umstellung werden die urspr\u00fcnglichen Eintr\u00e4ge entsprechend angepasst um auch existierende Links von anderen Webseiten nicht ung\u00fcltig zu machen.<\/p>\n","protected":false},"excerpt":{"rendered":"<p>Nach insgesamt nun 8 B\u00e4nden der Reihe Flugpl\u00e4tze der Luftwaffe 1934 &#8211; 1945&#8230; und was von ihnen \u00fcbrig blieb mussten wir den Aufbau dieser Seite hinsichtlich der Leseproben ver\u00e4ndern, es war schlicht zu un\u00fcbersichtlich geworden. Alle verf\u00fcgbaren Leseproben sind nun &hellip; <a href=\"https:\/\/www.flugplaetze-der-luftwaffe.de\/?p=457\">Continue reading <span class=\"meta-nav\">&rarr;<\/span><\/a><\/p>\n","protected":false},"author":4,"featured_media":0,"comment_status":"closed","ping_status":"open","sticky":false,"template":"","format":"standard","meta":{"spay_email":"","footnotes":""},"categories":[11],"tags":[],"class_list":["post-457","post","type-post","status-publish","format-standard","hentry","category-allgemein"],"jetpack_featured_media_url":"","jetpack_shortlink":"https:\/\/wp.me\/p1RjFv-7n","_links":{"self":[{"href":"https:\/\/www.flugplaetze-der-luftwaffe.de\/index.php?rest_route=\/wp\/v2\/posts\/457","targetHints":{"allow":["GET"]}}],"collection":[{"href":"https:\/\/www.flugplaetze-der-luftwaffe.de\/index.php?rest_route=\/wp\/v2\/posts"}],"about":[{"href":"https:\/\/www.flugplaetze-der-luftwaffe.de\/index.php?rest_route=\/wp\/v2\/types\/post"}],"author":[{"embeddable":true,"href":"https:\/\/www.flugplaetze-der-luftwaffe.de\/index.php?rest_route=\/wp\/v2\/users\/4"}],"replies":[{"embeddable":true,"href":"https:\/\/www.flugplaetze-der-luftwaffe.de\/index.php?rest_route=%2Fwp%2Fv2%2Fcomments&post=457"}],"version-history":[{"count":1,"href":"https:\/\/www.flugplaetze-der-luftwaffe.de\/index.php?rest_route=\/wp\/v2\/posts\/457\/revisions"}],"predecessor-version":[{"id":458,"href":"https:\/\/www.flugplaetze-der-luftwaffe.de\/index.php?rest_route=\/wp\/v2\/posts\/457\/revisions\/458"}],"wp:attachment":[{"href":"https:\/\/www.flugplaetze-der-luftwaffe.de\/index.php?rest_route=%2Fwp%2Fv2%2Fmedia&parent=457"}],"wp:term":[{"taxonomy":"category","embeddable":true,"href":"https:\/\/www.flugplaetze-der-luftwaffe.de\/index.php?rest_route=%2Fwp%2Fv2%2Fcategories&post=457"},{"taxonomy":"post_tag","embeddable":true,"href":"https:\/\/www.flugplaetze-der-luftwaffe.de\/index.php?rest_route=%2Fwp%2Fv2%2Ftags&post=457"}],"curies":[{"name":"wp","href":"https:\/\/api.w.org\/{rel}","templated":true}]}}