{"id":426,"date":"2014-08-03T16:59:37","date_gmt":"2014-08-03T14:59:37","guid":{"rendered":"http:\/\/www.flugplaetze-der-luftwaffe.de\/?p=426"},"modified":"2018-03-24T11:59:52","modified_gmt":"2018-03-24T10:59:52","slug":"die-zivilen-flugplatze-im-deutschen-reich-stand-juni-1939","status":"publish","type":"post","link":"https:\/\/www.flugplaetze-der-luftwaffe.de\/?p=426","title":{"rendered":"Die Zivilen Flugpl\u00e4tze im Deutschen Reich &#8211; Stand Juni 1939"},"content":{"rendered":"<p><a href=\"http:\/\/www.flugplaetze-der-luftwaffe.de\/wp-content\/uploads\/2014\/08\/Liste-der-Deutschen-Flugpl\u00e4tze.jpg\" rel=\"lightbox[426]\"><img loading=\"lazy\" decoding=\"async\" class=\"alignleft wp-image-428 size-medium\" src=\"http:\/\/www.flugplaetze-der-luftwaffe.de\/wp-content\/uploads\/2014\/08\/Liste-der-Deutschen-Flugpl\u00e4tze-212x300.jpg\" alt=\"Liste der Deutschen Flugpl\u00e4tze\" width=\"212\" height=\"300\" srcset=\"https:\/\/www.flugplaetze-der-luftwaffe.de\/wp-content\/uploads\/2014\/08\/Liste-der-Deutschen-Flugpl\u00e4tze-212x300.jpg 212w, https:\/\/www.flugplaetze-der-luftwaffe.de\/wp-content\/uploads\/2014\/08\/Liste-der-Deutschen-Flugpl\u00e4tze.jpg 572w\" sizes=\"auto, (max-width: 212px) 100vw, 212px\" \/><\/a>Im Bundesarchiv\/Milit\u00e4rarchiv in Freiburg befindet sich unter der <strong>Signatur RL 6\/21<\/strong> die Kopie eines Erlasses: <em>\u201eDer Reichsminister der Luftfahrt und Oberbefehlshaber der Luftwaffe \u2013 LB 4 \u2013 Az. 40 b 10 Nr. 540\/39 (II A)\u201c<\/em> vom 28. Juni 1939.<\/p>\n<p>Diesen \u00dcberblick m\u00f6chte ich meinen Besuchern hier nicht vorenthalten, aus diesem Grund habe ich mich entschieden, hier eine eigene, vollst\u00e4ndige und erg\u00e4nzte <a href=\"http:\/\/www.andreaszapf.de\/blog-fdl-media\/Zivile-Flugplaetze-im-Deutschen-Reich-Stand-Juni-1939.pdf\" target=\"_blank\">Abschrift des Dokuments<\/a> zur Verf\u00fcgung zu stellen.<\/p>\n<p>In drei Listen wurden darin die \u201eder zivilen Luftfahrt dienenden Luftfahrtgel\u00e4nde f\u00fcr Verkehrs- und Sonderflugh\u00e4fen und Landepl\u00e4tze nach dem Stande vom 1. Mai 1939\u201c bekanntgegeben.<\/p>\n<ul>\n<li>Die Liste I (Verkehrsflugh\u00e4fen) wurde in den \u201eNachrichten f\u00fcr Luftfahrer\u201c ver\u00f6ffentlicht.<\/li>\n<\/ul>\n<ul>\n<li>Die Listen II (deutsche Sonderflugh\u00e4fen) und III (deutsche Landepl\u00e4tze und Hilfslandepl\u00e4tze) waren \u201eNur f\u00fcr den Dienstgebrauch\u201c bestimmt und wurden nicht mehr ver\u00f6ffentlicht.<\/li>\n<\/ul>\n<p>Sofern der betreffende Band der Serie &#8216;Flugpl\u00e4tze der Luftwaffe 1934-1945 &#8211; und was davon \u00fcbrig blieb&#8217; bereits erschienen ist, k\u00f6nnen dort <strong>&#8211; bis auf die wenigen beim Erscheinen noch unbekannten Pl\u00e4tze &#8211;<\/strong> weiterf\u00fchrende Informationen gefunden werden. (Nach Hinweis korrigiert)<\/p>\n","protected":false},"excerpt":{"rendered":"<p>Im Bundesarchiv\/Milit\u00e4rarchiv in Freiburg befindet sich unter der Signatur RL 6\/21 die Kopie eines Erlasses: \u201eDer Reichsminister der Luftfahrt und Oberbefehlshaber der Luftwaffe \u2013 LB 4 \u2013 Az. 40 b 10 Nr. 540\/39 (II A)\u201c vom 28. Juni 1939. Diesen &hellip; <a href=\"https:\/\/www.flugplaetze-der-luftwaffe.de\/?p=426\">Continue reading <span class=\"meta-nav\">&rarr;<\/span><\/a><\/p>\n","protected":false},"author":4,"featured_media":0,"comment_status":"closed","ping_status":"open","sticky":false,"template":"","format":"standard","meta":{"spay_email":"","footnotes":""},"categories":[11,7],"tags":[],"class_list":["post-426","post","type-post","status-publish","format-standard","hentry","category-allgemein","category-flugplatze-der-luftwaffe-1934-1945"],"jetpack_featured_media_url":"","jetpack_shortlink":"https:\/\/wp.me\/p1RjFv-6S","_links":{"self":[{"href":"https:\/\/www.flugplaetze-der-luftwaffe.de\/index.php?rest_route=\/wp\/v2\/posts\/426","targetHints":{"allow":["GET"]}}],"collection":[{"href":"https:\/\/www.flugplaetze-der-luftwaffe.de\/index.php?rest_route=\/wp\/v2\/posts"}],"about":[{"href":"https:\/\/www.flugplaetze-der-luftwaffe.de\/index.php?rest_route=\/wp\/v2\/types\/post"}],"author":[{"embeddable":true,"href":"https:\/\/www.flugplaetze-der-luftwaffe.de\/index.php?rest_route=\/wp\/v2\/users\/4"}],"replies":[{"embeddable":true,"href":"https:\/\/www.flugplaetze-der-luftwaffe.de\/index.php?rest_route=%2Fwp%2Fv2%2Fcomments&post=426"}],"version-history":[{"count":3,"href":"https:\/\/www.flugplaetze-der-luftwaffe.de\/index.php?rest_route=\/wp\/v2\/posts\/426\/revisions"}],"predecessor-version":[{"id":431,"href":"https:\/\/www.flugplaetze-der-luftwaffe.de\/index.php?rest_route=\/wp\/v2\/posts\/426\/revisions\/431"}],"wp:attachment":[{"href":"https:\/\/www.flugplaetze-der-luftwaffe.de\/index.php?rest_route=%2Fwp%2Fv2%2Fmedia&parent=426"}],"wp:term":[{"taxonomy":"category","embeddable":true,"href":"https:\/\/www.flugplaetze-der-luftwaffe.de\/index.php?rest_route=%2Fwp%2Fv2%2Fcategories&post=426"},{"taxonomy":"post_tag","embeddable":true,"href":"https:\/\/www.flugplaetze-der-luftwaffe.de\/index.php?rest_route=%2Fwp%2Fv2%2Ftags&post=426"}],"curies":[{"name":"wp","href":"https:\/\/api.w.org\/{rel}","templated":true}]}}