{"id":414,"date":"2014-01-24T10:32:00","date_gmt":"2014-01-24T09:32:00","guid":{"rendered":"http:\/\/www.flugplaetze-der-luftwaffe.de\/?p=414"},"modified":"2018-03-24T11:59:52","modified_gmt":"2018-03-24T10:59:52","slug":"rezension-band-7-durch-militargeschichte-zeitschrift-fur-historische-bildung","status":"publish","type":"post","link":"https:\/\/www.flugplaetze-der-luftwaffe.de\/?p=414","title":{"rendered":"Rezension Band 7 durch &#8220;Milit\u00e4rgeschichte &#8211; Zeitschrift f\u00fcr historische Bildung&#8221;"},"content":{"rendered":"<p>Mit freundlicher Genehmigung des Verfassers, Oberstleutnant Dr. Harald Potempa, Redakteur der Zeitschrift <em>\u201eMilit\u00e4rgeschichte \u2013 Zeitschrift f\u00fcr historische Bildung\u201c<\/em>, herausgegeben vom Zentrum f\u00fcr Milit\u00e4rgeschichte und Sozialwissenschaften der Bundeswehr (ZMSBw) darf diese im Heft 4\/2012 erschienene Rezension hier ver\u00f6ffentlicht werden.<\/p>\n<p><a href=\"http:\/\/www.flugplaetze-der-luftwaffe.de\/wp-content\/uploads\/2014\/01\/Rezension-Band-7.jpg\" rel=\"lightbox[414]\"><img loading=\"lazy\" decoding=\"async\" class=\"aligncenter size-full wp-image-415\" alt=\"Rezension Band 7\" src=\"http:\/\/www.flugplaetze-der-luftwaffe.de\/wp-content\/uploads\/2014\/01\/Rezension-Band-7.jpg\" width=\"530\" height=\"560\" srcset=\"https:\/\/www.flugplaetze-der-luftwaffe.de\/wp-content\/uploads\/2014\/01\/Rezension-Band-7.jpg 530w, https:\/\/www.flugplaetze-der-luftwaffe.de\/wp-content\/uploads\/2014\/01\/Rezension-Band-7-283x300.jpg 283w\" sizes=\"auto, (max-width: 530px) 100vw, 530px\" \/><\/a><\/p>\n<p><strong>Anmerkung:<\/strong> das Layout der Rezension wurde zum Zwecke der Ver\u00f6ffentlichung auf dieser Seite von &#8220;einspaltig&#8221; auf &#8220;zweispaltig&#8221; ver\u00e4ndert, inhaltlich jedoch unver\u00e4ndert belassen.<\/p>\n","protected":false},"excerpt":{"rendered":"<p>Mit freundlicher Genehmigung des Verfassers, Oberstleutnant Dr. Harald Potempa, Redakteur der Zeitschrift \u201eMilit\u00e4rgeschichte \u2013 Zeitschrift f\u00fcr historische Bildung\u201c, herausgegeben vom Zentrum f\u00fcr Milit\u00e4rgeschichte und Sozialwissenschaften der Bundeswehr (ZMSBw) darf diese im Heft 4\/2012 erschienene Rezension hier ver\u00f6ffentlicht werden. Anmerkung: das &hellip; <a href=\"https:\/\/www.flugplaetze-der-luftwaffe.de\/?p=414\">Continue reading <span class=\"meta-nav\">&rarr;<\/span><\/a><\/p>\n","protected":false},"author":4,"featured_media":0,"comment_status":"closed","ping_status":"open","sticky":false,"template":"","format":"standard","meta":{"spay_email":"","footnotes":""},"categories":[7],"tags":[20],"class_list":["post-414","post","type-post","status-publish","format-standard","hentry","category-flugplatze-der-luftwaffe-1934-1945","tag-niedersachsen"],"jetpack_featured_media_url":"","jetpack_shortlink":"https:\/\/wp.me\/p1RjFv-6G","_links":{"self":[{"href":"https:\/\/www.flugplaetze-der-luftwaffe.de\/index.php?rest_route=\/wp\/v2\/posts\/414","targetHints":{"allow":["GET"]}}],"collection":[{"href":"https:\/\/www.flugplaetze-der-luftwaffe.de\/index.php?rest_route=\/wp\/v2\/posts"}],"about":[{"href":"https:\/\/www.flugplaetze-der-luftwaffe.de\/index.php?rest_route=\/wp\/v2\/types\/post"}],"author":[{"embeddable":true,"href":"https:\/\/www.flugplaetze-der-luftwaffe.de\/index.php?rest_route=\/wp\/v2\/users\/4"}],"replies":[{"embeddable":true,"href":"https:\/\/www.flugplaetze-der-luftwaffe.de\/index.php?rest_route=%2Fwp%2Fv2%2Fcomments&post=414"}],"version-history":[{"count":1,"href":"https:\/\/www.flugplaetze-der-luftwaffe.de\/index.php?rest_route=\/wp\/v2\/posts\/414\/revisions"}],"predecessor-version":[{"id":416,"href":"https:\/\/www.flugplaetze-der-luftwaffe.de\/index.php?rest_route=\/wp\/v2\/posts\/414\/revisions\/416"}],"wp:attachment":[{"href":"https:\/\/www.flugplaetze-der-luftwaffe.de\/index.php?rest_route=%2Fwp%2Fv2%2Fmedia&parent=414"}],"wp:term":[{"taxonomy":"category","embeddable":true,"href":"https:\/\/www.flugplaetze-der-luftwaffe.de\/index.php?rest_route=%2Fwp%2Fv2%2Fcategories&post=414"},{"taxonomy":"post_tag","embeddable":true,"href":"https:\/\/www.flugplaetze-der-luftwaffe.de\/index.php?rest_route=%2Fwp%2Fv2%2Ftags&post=414"}],"curies":[{"name":"wp","href":"https:\/\/api.w.org\/{rel}","templated":true}]}}