{"id":412,"date":"2014-01-24T10:21:05","date_gmt":"2014-01-24T09:21:05","guid":{"rendered":"http:\/\/www.flugplaetze-der-luftwaffe.de\/?p=412"},"modified":"2018-03-24T11:59:52","modified_gmt":"2018-03-24T10:59:52","slug":"berichtigung-zu-band-8-bayern-luftgau-xiii-nurnberg","status":"publish","type":"post","link":"https:\/\/www.flugplaetze-der-luftwaffe.de\/?p=412","title":{"rendered":"Berichtigung zu Band 8: Bayern \u2013 Luftgau XIII \u2013 N\u00fcrnberg"},"content":{"rendered":"<p>Bei der Erstellung der Druckversion des Bandes ist mir ein dicker Fehler unterlaufen, der mir pers\u00f6nlich sehr Leid tut: Ich habe die Nachnamen zweier Helfer durcheinandergebracht.<\/p>\n<p>Die Bilder vom Geb\u00e4ude des Luftgaukommandos XIII N\u00fcrnberg im <em>Vorwort<\/em> und die Farbaufnahmen im Kapitel <em>35. N\u00fcrnberg<\/em> wurden nicht von Oliver Wittmann, sondern von Oliver Schmidtgen zur Verf\u00fcgung gestellt.<\/p>\n<p>Ich bitte Oliver Schmidtgen ganz herzlich um Entschuldigung f\u00fcr meinen Fehler.<\/p>\n<p>J\u00fcrgen Zapf<\/p>\n","protected":false},"excerpt":{"rendered":"<p>Bei der Erstellung der Druckversion des Bandes ist mir ein dicker Fehler unterlaufen, der mir pers\u00f6nlich sehr Leid tut: Ich habe die Nachnamen zweier Helfer durcheinandergebracht. Die Bilder vom Geb\u00e4ude des Luftgaukommandos XIII N\u00fcrnberg im Vorwort und die Farbaufnahmen im &hellip; <a href=\"https:\/\/www.flugplaetze-der-luftwaffe.de\/?p=412\">Continue reading <span class=\"meta-nav\">&rarr;<\/span><\/a><\/p>\n","protected":false},"author":4,"featured_media":0,"comment_status":"closed","ping_status":"open","sticky":false,"template":"","format":"standard","meta":{"spay_email":"","footnotes":""},"categories":[7],"tags":[23],"class_list":["post-412","post","type-post","status-publish","format-standard","hentry","category-flugplatze-der-luftwaffe-1934-1945","tag-bayern"],"jetpack_featured_media_url":"","jetpack_shortlink":"https:\/\/wp.me\/p1RjFv-6E","_links":{"self":[{"href":"https:\/\/www.flugplaetze-der-luftwaffe.de\/index.php?rest_route=\/wp\/v2\/posts\/412","targetHints":{"allow":["GET"]}}],"collection":[{"href":"https:\/\/www.flugplaetze-der-luftwaffe.de\/index.php?rest_route=\/wp\/v2\/posts"}],"about":[{"href":"https:\/\/www.flugplaetze-der-luftwaffe.de\/index.php?rest_route=\/wp\/v2\/types\/post"}],"author":[{"embeddable":true,"href":"https:\/\/www.flugplaetze-der-luftwaffe.de\/index.php?rest_route=\/wp\/v2\/users\/4"}],"replies":[{"embeddable":true,"href":"https:\/\/www.flugplaetze-der-luftwaffe.de\/index.php?rest_route=%2Fwp%2Fv2%2Fcomments&post=412"}],"version-history":[{"count":1,"href":"https:\/\/www.flugplaetze-der-luftwaffe.de\/index.php?rest_route=\/wp\/v2\/posts\/412\/revisions"}],"predecessor-version":[{"id":413,"href":"https:\/\/www.flugplaetze-der-luftwaffe.de\/index.php?rest_route=\/wp\/v2\/posts\/412\/revisions\/413"}],"wp:attachment":[{"href":"https:\/\/www.flugplaetze-der-luftwaffe.de\/index.php?rest_route=%2Fwp%2Fv2%2Fmedia&parent=412"}],"wp:term":[{"taxonomy":"category","embeddable":true,"href":"https:\/\/www.flugplaetze-der-luftwaffe.de\/index.php?rest_route=%2Fwp%2Fv2%2Fcategories&post=412"},{"taxonomy":"post_tag","embeddable":true,"href":"https:\/\/www.flugplaetze-der-luftwaffe.de\/index.php?rest_route=%2Fwp%2Fv2%2Ftags&post=412"}],"curies":[{"name":"wp","href":"https:\/\/api.w.org\/{rel}","templated":true}]}}