{"id":405,"date":"2013-12-17T12:02:14","date_gmt":"2013-12-17T11:02:14","guid":{"rendered":"http:\/\/www.flugplaetze-der-luftwaffe.de\/?p=405"},"modified":"2018-03-24T11:59:52","modified_gmt":"2018-03-24T10:59:52","slug":"leseprobe-flugplatze-der-luftwaffe-1934-1945-und-was-von-ihnen-ubrig-blieb-band-8-bayern-luftgau-xiii","status":"publish","type":"post","link":"https:\/\/www.flugplaetze-der-luftwaffe.de\/?p=405","title":{"rendered":"Leseprobe: Flugpl\u00e4tze der Luftwaffe 1934 &#8211; 1945&#8230; und was von ihnen \u00fcbrig blieb &#8211; Band 8: Bayern &#8211; Luftgau XIII"},"content":{"rendered":"<p><a href=\"http:\/\/www.flugplaetze-der-luftwaffe.de\/wp-content\/uploads\/2013\/09\/Cover-Vol8-200px.jpg\" rel=\"lightbox[405]\"><img loading=\"lazy\" decoding=\"async\" class=\"alignleft size-full wp-image-379\" src=\"http:\/\/www.flugplaetze-der-luftwaffe.de\/wp-content\/uploads\/2013\/09\/Cover-Vol8-200px.jpg\" alt=\"Cover-Vol8-200px\" width=\"200\" height=\"279\" \/><\/a>Wie bereits in der <a title=\"Frisch aus der Druckvorschau \u2013 das Inhaltsverzeichnis Band 8: Bayern Luftgau XIII N\u00fcrnberg\" href=\"http:\/\/www.flugplaetze-der-luftwaffe.de\/?p=394\">Ank\u00fcndigung<\/a> versprochen, m\u00f6chten wir auch dieses mal eine Leseprobe f\u00fcr den neuen Band anbieten, so dass sich jeder interessierte K\u00e4ufer vorab ein Bild von Inhalt, Umfang und Qualit\u00e4t des verwendeten Materials machen kann.<\/p>\n<p>Wir haben wieder eine Vielzahl von Seiten herausgesucht, um einen m\u00f6glichst umfassenden \u00dcberblick bieten zu k\u00f6nnen. Im Interesse der Dateigr\u00f6\u00dfe aber auch der Einschr\u00e4nkung von Nutzung und Weitergabe des enthaltenen Bildinformationen haben wir bewusst die Qualit\u00e4t der Leseprobe reduziert. Wir bitten hierf\u00fcr um Verst\u00e4ndnis.<\/p>\n<p>Die Leseprobe als PDF Datei (ca. 7,5 MB) k\u00f6nnen Sie <a title=\"Leseproben\" href=\"http:\/\/www.flugplaetze-der-luftwaffe.de\/?page_id=439\" target=\"_blank\">hier<\/a> herunterladen. Wir w\u00fcnschen &#8220;Viel Spa\u00df&#8221; beim Lesen.<\/p>\n","protected":false},"excerpt":{"rendered":"<p>Wie bereits in der Ank\u00fcndigung versprochen, m\u00f6chten wir auch dieses mal eine Leseprobe f\u00fcr den neuen Band anbieten, so dass sich jeder interessierte K\u00e4ufer vorab ein Bild von Inhalt, Umfang und Qualit\u00e4t des verwendeten Materials machen kann. Wir haben wieder &hellip; <a href=\"https:\/\/www.flugplaetze-der-luftwaffe.de\/?p=405\">Continue reading <span class=\"meta-nav\">&rarr;<\/span><\/a><\/p>\n","protected":false},"author":4,"featured_media":0,"comment_status":"closed","ping_status":"open","sticky":false,"template":"","format":"standard","meta":{"spay_email":"","footnotes":""},"categories":[19,7],"tags":[23],"class_list":["post-405","post","type-post","status-publish","format-standard","hentry","category-ankundigungen-neuerscheinungen","category-flugplatze-der-luftwaffe-1934-1945","tag-bayern"],"jetpack_featured_media_url":"","jetpack_shortlink":"https:\/\/wp.me\/p1RjFv-6x","_links":{"self":[{"href":"https:\/\/www.flugplaetze-der-luftwaffe.de\/index.php?rest_route=\/wp\/v2\/posts\/405","targetHints":{"allow":["GET"]}}],"collection":[{"href":"https:\/\/www.flugplaetze-der-luftwaffe.de\/index.php?rest_route=\/wp\/v2\/posts"}],"about":[{"href":"https:\/\/www.flugplaetze-der-luftwaffe.de\/index.php?rest_route=\/wp\/v2\/types\/post"}],"author":[{"embeddable":true,"href":"https:\/\/www.flugplaetze-der-luftwaffe.de\/index.php?rest_route=\/wp\/v2\/users\/4"}],"replies":[{"embeddable":true,"href":"https:\/\/www.flugplaetze-der-luftwaffe.de\/index.php?rest_route=%2Fwp%2Fv2%2Fcomments&post=405"}],"version-history":[{"count":5,"href":"https:\/\/www.flugplaetze-der-luftwaffe.de\/index.php?rest_route=\/wp\/v2\/posts\/405\/revisions"}],"predecessor-version":[{"id":468,"href":"https:\/\/www.flugplaetze-der-luftwaffe.de\/index.php?rest_route=\/wp\/v2\/posts\/405\/revisions\/468"}],"wp:attachment":[{"href":"https:\/\/www.flugplaetze-der-luftwaffe.de\/index.php?rest_route=%2Fwp%2Fv2%2Fmedia&parent=405"}],"wp:term":[{"taxonomy":"category","embeddable":true,"href":"https:\/\/www.flugplaetze-der-luftwaffe.de\/index.php?rest_route=%2Fwp%2Fv2%2Fcategories&post=405"},{"taxonomy":"post_tag","embeddable":true,"href":"https:\/\/www.flugplaetze-der-luftwaffe.de\/index.php?rest_route=%2Fwp%2Fv2%2Ftags&post=405"}],"curies":[{"name":"wp","href":"https:\/\/api.w.org\/{rel}","templated":true}]}}