{"id":378,"date":"2013-09-04T14:55:19","date_gmt":"2013-09-04T12:55:19","guid":{"rendered":"http:\/\/www.flugplaetze-der-luftwaffe.de\/?p=378"},"modified":"2018-03-24T11:59:52","modified_gmt":"2018-03-24T10:59:52","slug":"ankundigung-flugplatze-der-luftwaffe-1934-1945-und-was-von-ihnen-ubrig-blieb-band-8-bayern-luftgau-xiii-nurnberg","status":"publish","type":"post","link":"https:\/\/www.flugplaetze-der-luftwaffe.de\/?p=378","title":{"rendered":"Ank\u00fcndigung: Flugpl\u00e4tze der Luftwaffe 1934 &#8211; 1945&#8230; und was von ihnen \u00fcbrig blieb &#8211; Band 8: Bayern &#8211; Luftgau XIII &#8211; N\u00fcrnberg"},"content":{"rendered":"<p><a href=\"http:\/\/www.flugplaetze-der-luftwaffe.de\/wp-content\/uploads\/2013\/09\/Cover-Vol8-200px.jpg\" rel=\"lightbox[378]\"><img loading=\"lazy\" decoding=\"async\" class=\"alignleft size-full wp-image-379\" alt=\"Cover-Vol8-200px\" src=\"http:\/\/www.flugplaetze-der-luftwaffe.de\/wp-content\/uploads\/2013\/09\/Cover-Vol8-200px.jpg\" width=\"200\" height=\"279\" \/><\/a>Nachdem der letzte Band der Reihe <em>Flugpl\u00e4tze der Luftwaffe 1934 &#8211; 1945<\/em> Ende 2011 mit Band 7 die Bundesl\u00e4nder <a title=\"Leseprobe: Flugpl\u00e4tze der Luftwaffe 1934 \u2013 1945\u2026 und was von ihnen \u00fcbrig blieb \u2013 Band 7: Niedersachsen &amp; Bremen\" href=\"http:\/\/www.flugplaetze-der-luftwaffe.de\/?p=184\">Niedersachsen und Bremen<\/a> abgedeckt hat, wendet sich der noch in diesem Jahr erscheinende 8. Band dem n\u00f6rdlichen, \u00f6stlichen und s\u00fcd\u00f6stlichen Teil des Bundeslandes Bayern zu.<\/p>\n<p>Auch dieser Band der Reihe sollte urspr\u00fcnglich, dem Grundgedanken <em>\u201eJe Bundesland ein Band\u201c<\/em> folgend, die Geschichte aller Flugpl\u00e4tze der Luftwaffe im heutigen Freistaat Bayern beschreiben. Insgesamt hat es auf dem Gebiet des Freistaates 120 Flugpl\u00e4tze unterschiedlicher Art gegeben, die zum Teil auch noch eine lange und umfangreiche Geschichte besa\u00dfen. Schon bei der Erarbeitung der Beschreibungen hat sich herausgestellt, dass ein einzelner Band einen Umfang erreichen w\u00fcrde, der eine praktische Handhabung fast unm\u00f6glich machen w\u00fcrde.<\/p>\n<p>Bei der Entscheidung, wie eine Aufteilung erfolgen sollte, kam zugute, dass die Bodenorganisation der Luftwaffe in ihrer Entstehungszeit in den H\u00e4nden zweier Luftgaukommandos lag. Der Luftgau XIII N\u00fcrnberg war dabei f\u00fcr den Norden, Osten und den S\u00fcdosten des heutigen Freistaates zust\u00e4ndig, der Luftgau VII M\u00fcnchen f\u00fcr den s\u00fcdlichen und s\u00fcdwestlichen Bereich. Im Bereich beider Kommandobeh\u00f6rden befand sich fast die gleiche Anzahl von Pl\u00e4tzen.<\/p>\n<p>Der nun bald erh\u00e4ltliche Band 8 beschreibt die Flugpl\u00e4tze im Zust\u00e4ndigkeitsbereich des ehemaligen Luftgaukommandos XIII und beinhaltet die Beschreibung der Pl\u00e4tze von Adlholz bis W\u00fcrzburg.<\/p>\n<p>Dazu geh\u00f6ren ehemalige K\u00f6niglich bayerische Fliegerstationen wie F\u00fcrth und Grafenw\u00f6hr, Flugpl\u00e4tze der Luftfahrtindustrie wie Regensburg-Pr\u00fcfening und Obertraubling sowie Pl\u00e4tze, auf denen die dezentralisierte Flugzeugfertigung 1943 &#8211; 45 durchgef\u00fchrt wurde.<\/p>\n<p>Neben Luftaufnahmen der Westalliierten zu fast allen Flugpl\u00e4tzen und Farbbildern zum heutigen Zustand der alten Anlagen wurden mir eine Reihe bislang unver\u00f6ffentlichter Aufnahmen der Kriegszeit aus Erinnerungsalben zur Verf\u00fcgung gestellt.<\/p>\n<p>Der Band befindet sich derzeit in der Druck-Vorbereitung und wird noch vor Jahresende bei den \u00fcblichen <a title=\"Bezugsquellen\" href=\"http:\/\/www.flugplaetze-der-luftwaffe.de\/?page_id=80\">Bezugsquellen <\/a>verf\u00fcgbar sein. Eine aussagekr\u00e4ftige Leseprobe wird in den n\u00e4chsten Wochen ebenfalls an dieser Stelle erh\u00e4ltlich sein.<\/p>\n","protected":false},"excerpt":{"rendered":"<p>Nachdem der letzte Band der Reihe Flugpl\u00e4tze der Luftwaffe 1934 &#8211; 1945 Ende 2011 mit Band 7 die Bundesl\u00e4nder Niedersachsen und Bremen abgedeckt hat, wendet sich der noch in diesem Jahr erscheinende 8. Band dem n\u00f6rdlichen, \u00f6stlichen und s\u00fcd\u00f6stlichen Teil &hellip; <a href=\"https:\/\/www.flugplaetze-der-luftwaffe.de\/?p=378\">Continue reading <span class=\"meta-nav\">&rarr;<\/span><\/a><\/p>\n","protected":false},"author":4,"featured_media":0,"comment_status":"closed","ping_status":"open","sticky":false,"template":"","format":"standard","meta":{"spay_email":"","footnotes":""},"categories":[19,7],"tags":[23],"class_list":["post-378","post","type-post","status-publish","format-standard","hentry","category-ankundigungen-neuerscheinungen","category-flugplatze-der-luftwaffe-1934-1945","tag-bayern"],"jetpack_featured_media_url":"","jetpack_shortlink":"https:\/\/wp.me\/p1RjFv-66","_links":{"self":[{"href":"https:\/\/www.flugplaetze-der-luftwaffe.de\/index.php?rest_route=\/wp\/v2\/posts\/378","targetHints":{"allow":["GET"]}}],"collection":[{"href":"https:\/\/www.flugplaetze-der-luftwaffe.de\/index.php?rest_route=\/wp\/v2\/posts"}],"about":[{"href":"https:\/\/www.flugplaetze-der-luftwaffe.de\/index.php?rest_route=\/wp\/v2\/types\/post"}],"author":[{"embeddable":true,"href":"https:\/\/www.flugplaetze-der-luftwaffe.de\/index.php?rest_route=\/wp\/v2\/users\/4"}],"replies":[{"embeddable":true,"href":"https:\/\/www.flugplaetze-der-luftwaffe.de\/index.php?rest_route=%2Fwp%2Fv2%2Fcomments&post=378"}],"version-history":[{"count":7,"href":"https:\/\/www.flugplaetze-der-luftwaffe.de\/index.php?rest_route=\/wp\/v2\/posts\/378\/revisions"}],"predecessor-version":[{"id":386,"href":"https:\/\/www.flugplaetze-der-luftwaffe.de\/index.php?rest_route=\/wp\/v2\/posts\/378\/revisions\/386"}],"wp:attachment":[{"href":"https:\/\/www.flugplaetze-der-luftwaffe.de\/index.php?rest_route=%2Fwp%2Fv2%2Fmedia&parent=378"}],"wp:term":[{"taxonomy":"category","embeddable":true,"href":"https:\/\/www.flugplaetze-der-luftwaffe.de\/index.php?rest_route=%2Fwp%2Fv2%2Fcategories&post=378"},{"taxonomy":"post_tag","embeddable":true,"href":"https:\/\/www.flugplaetze-der-luftwaffe.de\/index.php?rest_route=%2Fwp%2Fv2%2Ftags&post=378"}],"curies":[{"name":"wp","href":"https:\/\/api.w.org\/{rel}","templated":true}]}}