{"id":350,"date":"2013-01-19T10:00:59","date_gmt":"2013-01-19T09:00:59","guid":{"rendered":"http:\/\/www.flugplaetze-der-luftwaffe.de\/?p=350"},"modified":"2018-03-24T11:59:52","modified_gmt":"2018-03-24T10:59:52","slug":"termine-2013","status":"publish","type":"post","link":"https:\/\/www.flugplaetze-der-luftwaffe.de\/?p=350","title":{"rendered":"Termine 2013"},"content":{"rendered":"<p>Auch f\u00fcr das Jahr 2013 stehen bereits einige Termine fest &#8211; die Liste wird sich im Laufe der Zeit sicherlich noch etwas &#8220;verl\u00e4ngern&#8221;.<\/p>\n<ul>\n<li>20. April 2013: <a href=\"http:\/\/speyer.technik-museum.de\/de\/de\/internationale-flugzeug-teileboerse\" target=\"_blank\">Internationale Flugzeug-Teileb\u00f6rse in Speyer (Fr\u00fchjahrs-Veranstaltung)<\/a>.<\/li>\n<li>19. Oktober 2013: Internationale Flugzeug-Teileb\u00f6rse in Speyer (Herbst-Veranstaltung)<\/li>\n<\/ul>\n<p>Bei den oben genannten Terminen haben Sie die M\u00f6glichkeit, sich die B\u00fccher der Reihe &#8220;Flugpl\u00e4tze der Luftwaffe 1934 &#8211; 1945&#8221; direkt und unverbindlich am Stand des <a href=\"http:\/\/www.vdmedien.com\/\" target=\"_blank\">VDM Verlags<\/a> anzusehen und nach Lust und Laune zu schm\u00f6kern.<\/p>\n","protected":false},"excerpt":{"rendered":"<p>Auch f\u00fcr das Jahr 2013 stehen bereits einige Termine fest &#8211; die Liste wird sich im Laufe der Zeit sicherlich noch etwas &#8220;verl\u00e4ngern&#8221;. 20. April 2013: Internationale Flugzeug-Teileb\u00f6rse in Speyer (Fr\u00fchjahrs-Veranstaltung). 19. Oktober 2013: Internationale Flugzeug-Teileb\u00f6rse in Speyer (Herbst-Veranstaltung) Bei &hellip; <a href=\"https:\/\/www.flugplaetze-der-luftwaffe.de\/?p=350\">Continue reading <span class=\"meta-nav\">&rarr;<\/span><\/a><\/p>\n","protected":false},"author":4,"featured_media":0,"comment_status":"closed","ping_status":"open","sticky":false,"template":"","format":"standard","meta":{"spay_email":"","footnotes":""},"categories":[11],"tags":[],"class_list":["post-350","post","type-post","status-publish","format-standard","hentry","category-allgemein"],"jetpack_featured_media_url":"","jetpack_shortlink":"https:\/\/wp.me\/p1RjFv-5E","_links":{"self":[{"href":"https:\/\/www.flugplaetze-der-luftwaffe.de\/index.php?rest_route=\/wp\/v2\/posts\/350","targetHints":{"allow":["GET"]}}],"collection":[{"href":"https:\/\/www.flugplaetze-der-luftwaffe.de\/index.php?rest_route=\/wp\/v2\/posts"}],"about":[{"href":"https:\/\/www.flugplaetze-der-luftwaffe.de\/index.php?rest_route=\/wp\/v2\/types\/post"}],"author":[{"embeddable":true,"href":"https:\/\/www.flugplaetze-der-luftwaffe.de\/index.php?rest_route=\/wp\/v2\/users\/4"}],"replies":[{"embeddable":true,"href":"https:\/\/www.flugplaetze-der-luftwaffe.de\/index.php?rest_route=%2Fwp%2Fv2%2Fcomments&post=350"}],"version-history":[{"count":5,"href":"https:\/\/www.flugplaetze-der-luftwaffe.de\/index.php?rest_route=\/wp\/v2\/posts\/350\/revisions"}],"predecessor-version":[{"id":387,"href":"https:\/\/www.flugplaetze-der-luftwaffe.de\/index.php?rest_route=\/wp\/v2\/posts\/350\/revisions\/387"}],"wp:attachment":[{"href":"https:\/\/www.flugplaetze-der-luftwaffe.de\/index.php?rest_route=%2Fwp%2Fv2%2Fmedia&parent=350"}],"wp:term":[{"taxonomy":"category","embeddable":true,"href":"https:\/\/www.flugplaetze-der-luftwaffe.de\/index.php?rest_route=%2Fwp%2Fv2%2Fcategories&post=350"},{"taxonomy":"post_tag","embeddable":true,"href":"https:\/\/www.flugplaetze-der-luftwaffe.de\/index.php?rest_route=%2Fwp%2Fv2%2Ftags&post=350"}],"curies":[{"name":"wp","href":"https:\/\/api.w.org\/{rel}","templated":true}]}}