{"id":339,"date":"2013-01-19T09:22:50","date_gmt":"2013-01-19T08:22:50","guid":{"rendered":"http:\/\/www.flugplaetze-der-luftwaffe.de\/?p=339"},"modified":"2018-03-24T11:59:52","modified_gmt":"2018-03-24T10:59:52","slug":"neue-bilder-aus-der-umgebung-des-ehemaligen-fliegerhorstes-wesendorf","status":"publish","type":"post","link":"https:\/\/www.flugplaetze-der-luftwaffe.de\/?p=339","title":{"rendered":"Neue Bilder aus der Umgebung des ehemaligen Fliegerhorstes Wesendorf"},"content":{"rendered":"<p>Schon vor einiger Zeit hat mir Helge Blaue, der mich bereits bei der Vorbereitung des <a title=\"Leseprobe: Flugpl\u00e4tze der Luftwaffe 1934 \u2013 1945\u2026 und was von ihnen \u00fcbrig blieb \u2013 Band 7: Niedersachsen &amp; Bremen\" href=\"http:\/\/www.flugplaetze-der-luftwaffe.de\/?p=184\">Bandes 7: \u201eNiedersachsen und Bremen\u201c<\/a> durch Bilder unterst\u00fctzt hatte, dankenswerterweise diese beiden Bilder zugesandt.<\/p>\n<p><a href=\"http:\/\/www.flugplaetze-der-luftwaffe.de\/wp-content\/uploads\/2013\/01\/Wesendorf-0002.jpg\" rel=\"lightbox[339]\"><img loading=\"lazy\" decoding=\"async\" class=\"aligncenter size-full wp-image-341\" alt=\"Wesendorf-0002\" src=\"http:\/\/www.flugplaetze-der-luftwaffe.de\/wp-content\/uploads\/2013\/01\/Wesendorf-0002.jpg\" width=\"1439\" height=\"815\" srcset=\"https:\/\/www.flugplaetze-der-luftwaffe.de\/wp-content\/uploads\/2013\/01\/Wesendorf-0002.jpg 1439w, https:\/\/www.flugplaetze-der-luftwaffe.de\/wp-content\/uploads\/2013\/01\/Wesendorf-0002-300x169.jpg 300w, https:\/\/www.flugplaetze-der-luftwaffe.de\/wp-content\/uploads\/2013\/01\/Wesendorf-0002-1024x579.jpg 1024w\" sizes=\"auto, (max-width: 1439px) 100vw, 1439px\" \/><\/a><\/p>\n<p>Dass solche \u201eseltsamen\u201c Sandw\u00e4lle \u201eetwas sinnlos in der Gegend herumstanden\u201c, das war ihm schon fr\u00fcher aufgefallen. Nach der Ver\u00f6ffentlichung des Buches und der darin enthaltenen Luftaufnahmen des ehemaligen Fliegerhorstes kam nun das Wissen \u00fcber die fr\u00fchere Funktion dazu.<\/p>\n<p><a href=\"http:\/\/www.flugplaetze-der-luftwaffe.de\/wp-content\/uploads\/2013\/01\/Wesendorf-0001.jpg\" rel=\"lightbox[339]\"><img loading=\"lazy\" decoding=\"async\" class=\"aligncenter size-full wp-image-340\" alt=\"Wesendorf-0001\" src=\"http:\/\/www.flugplaetze-der-luftwaffe.de\/wp-content\/uploads\/2013\/01\/Wesendorf-0001.jpg\" width=\"1439\" height=\"815\" srcset=\"https:\/\/www.flugplaetze-der-luftwaffe.de\/wp-content\/uploads\/2013\/01\/Wesendorf-0001.jpg 1439w, https:\/\/www.flugplaetze-der-luftwaffe.de\/wp-content\/uploads\/2013\/01\/Wesendorf-0001-300x169.jpg 300w, https:\/\/www.flugplaetze-der-luftwaffe.de\/wp-content\/uploads\/2013\/01\/Wesendorf-0001-1024x579.jpg 1024w\" sizes=\"auto, (max-width: 1439px) 100vw, 1439px\" \/><\/a><\/p>\n<p>In den seit dem Ende des Zweiten Weltkriegs vergangenen Jahren sind die W\u00e4lle durch Verdichtung allerdings niedriger geworden, sie w\u00fcrden heute ihre ihnen zugedachte Schutzfunktion kaum noch erf\u00fcllen.<\/p>\n","protected":false},"excerpt":{"rendered":"<p>Schon vor einiger Zeit hat mir Helge Blaue, der mich bereits bei der Vorbereitung des Bandes 7: \u201eNiedersachsen und Bremen\u201c durch Bilder unterst\u00fctzt hatte, dankenswerterweise diese beiden Bilder zugesandt. Dass solche \u201eseltsamen\u201c Sandw\u00e4lle \u201eetwas sinnlos in der Gegend herumstanden\u201c, das &hellip; <a href=\"https:\/\/www.flugplaetze-der-luftwaffe.de\/?p=339\">Continue reading <span class=\"meta-nav\">&rarr;<\/span><\/a><\/p>\n","protected":false},"author":4,"featured_media":0,"comment_status":"closed","ping_status":"open","sticky":false,"template":"","format":"standard","meta":{"spay_email":"","footnotes":""},"categories":[7],"tags":[20],"class_list":["post-339","post","type-post","status-publish","format-standard","hentry","category-flugplatze-der-luftwaffe-1934-1945","tag-niedersachsen"],"jetpack_featured_media_url":"","jetpack_shortlink":"https:\/\/wp.me\/p1RjFv-5t","_links":{"self":[{"href":"https:\/\/www.flugplaetze-der-luftwaffe.de\/index.php?rest_route=\/wp\/v2\/posts\/339","targetHints":{"allow":["GET"]}}],"collection":[{"href":"https:\/\/www.flugplaetze-der-luftwaffe.de\/index.php?rest_route=\/wp\/v2\/posts"}],"about":[{"href":"https:\/\/www.flugplaetze-der-luftwaffe.de\/index.php?rest_route=\/wp\/v2\/types\/post"}],"author":[{"embeddable":true,"href":"https:\/\/www.flugplaetze-der-luftwaffe.de\/index.php?rest_route=\/wp\/v2\/users\/4"}],"replies":[{"embeddable":true,"href":"https:\/\/www.flugplaetze-der-luftwaffe.de\/index.php?rest_route=%2Fwp%2Fv2%2Fcomments&post=339"}],"version-history":[{"count":2,"href":"https:\/\/www.flugplaetze-der-luftwaffe.de\/index.php?rest_route=\/wp\/v2\/posts\/339\/revisions"}],"predecessor-version":[{"id":343,"href":"https:\/\/www.flugplaetze-der-luftwaffe.de\/index.php?rest_route=\/wp\/v2\/posts\/339\/revisions\/343"}],"wp:attachment":[{"href":"https:\/\/www.flugplaetze-der-luftwaffe.de\/index.php?rest_route=%2Fwp%2Fv2%2Fmedia&parent=339"}],"wp:term":[{"taxonomy":"category","embeddable":true,"href":"https:\/\/www.flugplaetze-der-luftwaffe.de\/index.php?rest_route=%2Fwp%2Fv2%2Fcategories&post=339"},{"taxonomy":"post_tag","embeddable":true,"href":"https:\/\/www.flugplaetze-der-luftwaffe.de\/index.php?rest_route=%2Fwp%2Fv2%2Ftags&post=339"}],"curies":[{"name":"wp","href":"https:\/\/api.w.org\/{rel}","templated":true}]}}