{"id":324,"date":"2012-09-30T20:59:44","date_gmt":"2012-09-30T18:59:44","guid":{"rendered":"http:\/\/www.flugplaetze-der-luftwaffe.de\/?p=324"},"modified":"2018-03-24T11:59:52","modified_gmt":"2018-03-24T10:59:52","slug":"flugzeug-teileborse-speyer-27-oktober-2012","status":"publish","type":"post","link":"https:\/\/www.flugplaetze-der-luftwaffe.de\/?p=324","title":{"rendered":"Flugzeug-Teileb\u00f6rse Speyer \u2013 27. Oktober 2012"},"content":{"rendered":"<p>Auch in diesem Jahr findet die <a href=\"http:\/\/speyer.technik-museum.de\/de\/de\/internationale-flugzeug-teileboerse\" target=\"_blank\">Internationale Flugzeug-Teileb\u00f6rse<\/a> zweimal statt &#8211; \u00fcber die Veranstaltung im <a title=\"Impressionen aus Speyer \u2013 Internationale Flugzeugteile B\u00f6rse 2012\" href=\"http:\/\/www.flugplaetze-der-luftwaffe.de\/?p=267\" target=\"_blank\">April<\/a> wurde hier bereits berichtet, der n\u00e4chste Termin ist der <strong>12. Oktober 2012<\/strong>.<\/p>\n<p>Auch dieses Mal wird der <a href=\"http:\/\/www.vdmedien.com\/\" target=\"_blank\">VDM Verlag<\/a> in Speyer wieder vertreten sein \u2013 und wie auch im April werden Sie dort die M\u00f6glichkeit haben, die B\u00fccher der Serie \u201eFlugpl\u00e4tze der Luftwaffe 1934 \u2013 1945\u201c pers\u00f6nlich zu begutachten und Ihre Eindr\u00fccke und Anregungen direkt vor Ort mit mir zu besprechen.<\/p>\n<p>Auf Ihren Besuch, Feedback und anregende Gespr\u00e4che freue ich mich sehr.<\/p>\n","protected":false},"excerpt":{"rendered":"<p>Auch in diesem Jahr findet die Internationale Flugzeug-Teileb\u00f6rse zweimal statt &#8211; \u00fcber die Veranstaltung im April wurde hier bereits berichtet, der n\u00e4chste Termin ist der 12. Oktober 2012. Auch dieses Mal wird der VDM Verlag in Speyer wieder vertreten sein &hellip; <a href=\"https:\/\/www.flugplaetze-der-luftwaffe.de\/?p=324\">Continue reading <span class=\"meta-nav\">&rarr;<\/span><\/a><\/p>\n","protected":false},"author":4,"featured_media":0,"comment_status":"closed","ping_status":"open","sticky":false,"template":"","format":"standard","meta":{"spay_email":"","footnotes":""},"categories":[11],"tags":[],"class_list":["post-324","post","type-post","status-publish","format-standard","hentry","category-allgemein"],"jetpack_featured_media_url":"","jetpack_shortlink":"https:\/\/wp.me\/p1RjFv-5e","_links":{"self":[{"href":"https:\/\/www.flugplaetze-der-luftwaffe.de\/index.php?rest_route=\/wp\/v2\/posts\/324","targetHints":{"allow":["GET"]}}],"collection":[{"href":"https:\/\/www.flugplaetze-der-luftwaffe.de\/index.php?rest_route=\/wp\/v2\/posts"}],"about":[{"href":"https:\/\/www.flugplaetze-der-luftwaffe.de\/index.php?rest_route=\/wp\/v2\/types\/post"}],"author":[{"embeddable":true,"href":"https:\/\/www.flugplaetze-der-luftwaffe.de\/index.php?rest_route=\/wp\/v2\/users\/4"}],"replies":[{"embeddable":true,"href":"https:\/\/www.flugplaetze-der-luftwaffe.de\/index.php?rest_route=%2Fwp%2Fv2%2Fcomments&post=324"}],"version-history":[{"count":6,"href":"https:\/\/www.flugplaetze-der-luftwaffe.de\/index.php?rest_route=\/wp\/v2\/posts\/324\/revisions"}],"predecessor-version":[{"id":391,"href":"https:\/\/www.flugplaetze-der-luftwaffe.de\/index.php?rest_route=\/wp\/v2\/posts\/324\/revisions\/391"}],"wp:attachment":[{"href":"https:\/\/www.flugplaetze-der-luftwaffe.de\/index.php?rest_route=%2Fwp%2Fv2%2Fmedia&parent=324"}],"wp:term":[{"taxonomy":"category","embeddable":true,"href":"https:\/\/www.flugplaetze-der-luftwaffe.de\/index.php?rest_route=%2Fwp%2Fv2%2Fcategories&post=324"},{"taxonomy":"post_tag","embeddable":true,"href":"https:\/\/www.flugplaetze-der-luftwaffe.de\/index.php?rest_route=%2Fwp%2Fv2%2Ftags&post=324"}],"curies":[{"name":"wp","href":"https:\/\/api.w.org\/{rel}","templated":true}]}}