{"id":294,"date":"2013-12-16T12:00:13","date_gmt":"2013-12-16T11:00:13","guid":{"rendered":"http:\/\/www.flugplaetze-der-luftwaffe.de\/?p=294"},"modified":"2018-03-24T11:59:52","modified_gmt":"2018-03-24T10:59:52","slug":"neue-version-der-literaturempfehlungen-verfugbar","status":"publish","type":"post","link":"https:\/\/www.flugplaetze-der-luftwaffe.de\/?p=294","title":{"rendered":"Neue Version der Literaturempfehlungen verf\u00fcgbar"},"content":{"rendered":"<p><a href=\"http:\/\/www.flugplaetze-der-luftwaffe.de\/wp-content\/uploads\/2011\/10\/Literaturempfehlungen2.jpg\" rel=\"lightbox[294]\"><img loading=\"lazy\" decoding=\"async\" class=\"alignleft size-medium wp-image-147\" title=\"Literaturempfehlungen.jpg\" alt=\"\" src=\"http:\/\/www.flugplaetze-der-luftwaffe.de\/wp-content\/uploads\/2011\/10\/Literaturempfehlungen2-212x300.jpg\" width=\"212\" height=\"300\" srcset=\"https:\/\/www.flugplaetze-der-luftwaffe.de\/wp-content\/uploads\/2011\/10\/Literaturempfehlungen2-212x300.jpg 212w, https:\/\/www.flugplaetze-der-luftwaffe.de\/wp-content\/uploads\/2011\/10\/Literaturempfehlungen2.jpg 354w\" sizes=\"auto, (max-width: 212px) 100vw, 212px\" \/><\/a>Seit dem letzten Update der Literaturempfehlungen haben sich einige interessante neue B\u00fccher eingefunden &#8211; und wurden, soweit pers\u00f6nlich genutzt, auch in die Literaturlisten aufgenommen.<\/p>\n<p>Wie schon beim letzten Update haben wir auch dieses mal wieder die Neuzug\u00e4nge farblich gekennzeichnet, um einfacher zwischen Bestandswerken und Zug\u00e4ngen unterscheiden zu k\u00f6nnen.<\/p>\n<p>Die neue Version l\u00e4sst sich hier als <a href=\"http:\/\/www.andreaszapf.de\/blog-fdl-media\/Literaturempfehlungen.pdf\">PDF Datei <\/a>herunterladen und bleibt mit einer Gesamtgr\u00f6\u00dfe von etwas \u00fcber 1MB noch recht \u00fcbersichtlich.<\/p>\n<p>Korrekturen, Anregungen und Erg\u00e4nzungen sind gerne gesehen und ausdr\u00fccklich erw\u00fcnscht.<\/p>\n","protected":false},"excerpt":{"rendered":"<p>Seit dem letzten Update der Literaturempfehlungen haben sich einige interessante neue B\u00fccher eingefunden &#8211; und wurden, soweit pers\u00f6nlich genutzt, auch in die Literaturlisten aufgenommen. Wie schon beim letzten Update haben wir auch dieses mal wieder die Neuzug\u00e4nge farblich gekennzeichnet, um &hellip; <a href=\"https:\/\/www.flugplaetze-der-luftwaffe.de\/?p=294\">Continue reading <span class=\"meta-nav\">&rarr;<\/span><\/a><\/p>\n","protected":false},"author":4,"featured_media":0,"comment_status":"closed","ping_status":"open","sticky":false,"template":"","format":"standard","meta":{"spay_email":"","footnotes":""},"categories":[22],"tags":[],"class_list":["post-294","post","type-post","status-publish","format-standard","hentry","category-literatur"],"jetpack_featured_media_url":"","jetpack_shortlink":"https:\/\/wp.me\/p1RjFv-4K","_links":{"self":[{"href":"https:\/\/www.flugplaetze-der-luftwaffe.de\/index.php?rest_route=\/wp\/v2\/posts\/294","targetHints":{"allow":["GET"]}}],"collection":[{"href":"https:\/\/www.flugplaetze-der-luftwaffe.de\/index.php?rest_route=\/wp\/v2\/posts"}],"about":[{"href":"https:\/\/www.flugplaetze-der-luftwaffe.de\/index.php?rest_route=\/wp\/v2\/types\/post"}],"author":[{"embeddable":true,"href":"https:\/\/www.flugplaetze-der-luftwaffe.de\/index.php?rest_route=\/wp\/v2\/users\/4"}],"replies":[{"embeddable":true,"href":"https:\/\/www.flugplaetze-der-luftwaffe.de\/index.php?rest_route=%2Fwp%2Fv2%2Fcomments&post=294"}],"version-history":[{"count":4,"href":"https:\/\/www.flugplaetze-der-luftwaffe.de\/index.php?rest_route=\/wp\/v2\/posts\/294\/revisions"}],"predecessor-version":[{"id":404,"href":"https:\/\/www.flugplaetze-der-luftwaffe.de\/index.php?rest_route=\/wp\/v2\/posts\/294\/revisions\/404"}],"wp:attachment":[{"href":"https:\/\/www.flugplaetze-der-luftwaffe.de\/index.php?rest_route=%2Fwp%2Fv2%2Fmedia&parent=294"}],"wp:term":[{"taxonomy":"category","embeddable":true,"href":"https:\/\/www.flugplaetze-der-luftwaffe.de\/index.php?rest_route=%2Fwp%2Fv2%2Fcategories&post=294"},{"taxonomy":"post_tag","embeddable":true,"href":"https:\/\/www.flugplaetze-der-luftwaffe.de\/index.php?rest_route=%2Fwp%2Fv2%2Ftags&post=294"}],"curies":[{"name":"wp","href":"https:\/\/api.w.org\/{rel}","templated":true}]}}