{"id":267,"date":"2012-04-26T09:04:17","date_gmt":"2012-04-26T07:04:17","guid":{"rendered":"http:\/\/www.flugplaetze-der-luftwaffe.de\/?p=267"},"modified":"2018-06-22T06:48:41","modified_gmt":"2018-06-22T04:48:41","slug":"impressionen-aus-speyer-internationale-flugzeugteile-borse-2012","status":"publish","type":"post","link":"https:\/\/www.flugplaetze-der-luftwaffe.de\/?p=267","title":{"rendered":"Impressionen aus Speyer &#8211; Internationale Flugzeugteile B\u00f6rse 2012"},"content":{"rendered":"<p><a href=\"http:\/\/www.flugplaetze-der-luftwaffe.de\/wp-content\/uploads\/2015\/04\/GDPR-Image-Removal-800px.jpg\" rel=\"lightbox[267]\"><img loading=\"lazy\" decoding=\"async\" class=\"alignleft size-medium wp-image-552\" src=\"http:\/\/www.flugplaetze-der-luftwaffe.de\/wp-content\/uploads\/2015\/04\/GDPR-Image-Removal-800px-300x169.jpg\" alt=\"\" width=\"300\" height=\"169\" srcset=\"https:\/\/www.flugplaetze-der-luftwaffe.de\/wp-content\/uploads\/2015\/04\/GDPR-Image-Removal-800px-300x169.jpg 300w, https:\/\/www.flugplaetze-der-luftwaffe.de\/wp-content\/uploads\/2015\/04\/GDPR-Image-Removal-800px-768x432.jpg 768w, https:\/\/www.flugplaetze-der-luftwaffe.de\/wp-content\/uploads\/2015\/04\/GDPR-Image-Removal-800px.jpg 800w\" sizes=\"auto, (max-width: 300px) 100vw, 300px\" \/><\/a>Die Internationale Flugzeugteile B\u00f6rse in <em>Speyer<\/em> ist vorbei, zumindest bis im Oktober die n\u00e4chste stattfinden wird.<\/p>\n<p>Eine Vielzahl von Ausstellern pr\u00e4sentierte ihr Angebot erstmals in der <em>Buran-Halle<\/em> des Technikmuseums dem Publikum und sorgte so f\u00fcr reges Interesse bei extra angereisten Besuchern sowie den regul\u00e4ren G\u00e4sten des Museums. Von original Flugzeugteilen aus allen Epochen der Luftfahrt \u00fcber Modelle bis hin zur Fachliteratur war wieder alles vertreten.<\/p>\n<p><a href=\"http:\/\/www.flugplaetze-der-luftwaffe.de\/wp-content\/uploads\/2015\/04\/GDPR-Image-Removal-800px.jpg\" rel=\"lightbox[267]\"><img loading=\"lazy\" decoding=\"async\" class=\"alignright size-medium wp-image-552\" src=\"http:\/\/www.flugplaetze-der-luftwaffe.de\/wp-content\/uploads\/2015\/04\/GDPR-Image-Removal-800px-300x169.jpg\" alt=\"\" width=\"300\" height=\"169\" srcset=\"https:\/\/www.flugplaetze-der-luftwaffe.de\/wp-content\/uploads\/2015\/04\/GDPR-Image-Removal-800px-300x169.jpg 300w, https:\/\/www.flugplaetze-der-luftwaffe.de\/wp-content\/uploads\/2015\/04\/GDPR-Image-Removal-800px-768x432.jpg 768w, https:\/\/www.flugplaetze-der-luftwaffe.de\/wp-content\/uploads\/2015\/04\/GDPR-Image-Removal-800px.jpg 800w\" sizes=\"auto, (max-width: 300px) 100vw, 300px\" \/><\/a>Am Stand des <a title=\"VD Medien Verlag\" href=\"http:\/\/www.vdmedien.com\/\" target=\"_blank\" rel=\"noopener\">VDM-Verlags<\/a> &#8211; prominent direkt am Eingang platziert &#8211; sorgten die zahlreich ausliegenden B\u00fccher f\u00fcr Andrang \u2013 allen voran der neue Band <em>&#8220;Messerschmitt Bf 109 Einsatzmaschinen &#8211; Das Nachschlagwerk&#8221;<\/em> von Harald Helmut Vogt und die diversen B\u00e4nde <em>&#8220;Flugpl\u00e4tze der Luftwaffe 1934 &#8211; 1945&#8221;<\/em>.<\/p>\n<p>Alles in allem durften sich\u00a0 &#8211; trotz des ungem\u00fctlichen Wetters &#8211; sowohl Ausstellern als auch Besuchern \u00fcber einen erfolgreichen und interessanten Samstag freuen.<\/p>\n<p><a href=\"http:\/\/www.flugplaetze-der-luftwaffe.de\/wp-content\/uploads\/2015\/04\/GDPR-Image-Removal-800px.jpg\" rel=\"lightbox[267]\"><img loading=\"lazy\" decoding=\"async\" class=\"aligncenter size-full wp-image-552\" src=\"http:\/\/www.flugplaetze-der-luftwaffe.de\/wp-content\/uploads\/2015\/04\/GDPR-Image-Removal-800px.jpg\" alt=\"\" width=\"800\" height=\"450\" srcset=\"https:\/\/www.flugplaetze-der-luftwaffe.de\/wp-content\/uploads\/2015\/04\/GDPR-Image-Removal-800px.jpg 800w, https:\/\/www.flugplaetze-der-luftwaffe.de\/wp-content\/uploads\/2015\/04\/GDPR-Image-Removal-800px-300x169.jpg 300w, https:\/\/www.flugplaetze-der-luftwaffe.de\/wp-content\/uploads\/2015\/04\/GDPR-Image-Removal-800px-768x432.jpg 768w\" sizes=\"auto, (max-width: 800px) 100vw, 800px\" \/><\/a><\/p>\n","protected":false},"excerpt":{"rendered":"<p>Die Internationale Flugzeugteile B\u00f6rse in Speyer ist vorbei, zumindest bis im Oktober die n\u00e4chste stattfinden wird. Eine Vielzahl von Ausstellern pr\u00e4sentierte ihr Angebot erstmals in der Buran-Halle des Technikmuseums dem Publikum und sorgte so f\u00fcr reges Interesse bei extra angereisten &hellip; <a href=\"https:\/\/www.flugplaetze-der-luftwaffe.de\/?p=267\">Continue reading <span class=\"meta-nav\">&rarr;<\/span><\/a><\/p>\n","protected":false},"author":4,"featured_media":0,"comment_status":"closed","ping_status":"open","sticky":false,"template":"","format":"standard","meta":{"spay_email":"","footnotes":""},"categories":[11],"tags":[],"class_list":["post-267","post","type-post","status-publish","format-standard","hentry","category-allgemein"],"jetpack_featured_media_url":"","jetpack_shortlink":"https:\/\/wp.me\/p1RjFv-4j","_links":{"self":[{"href":"https:\/\/www.flugplaetze-der-luftwaffe.de\/index.php?rest_route=\/wp\/v2\/posts\/267","targetHints":{"allow":["GET"]}}],"collection":[{"href":"https:\/\/www.flugplaetze-der-luftwaffe.de\/index.php?rest_route=\/wp\/v2\/posts"}],"about":[{"href":"https:\/\/www.flugplaetze-der-luftwaffe.de\/index.php?rest_route=\/wp\/v2\/types\/post"}],"author":[{"embeddable":true,"href":"https:\/\/www.flugplaetze-der-luftwaffe.de\/index.php?rest_route=\/wp\/v2\/users\/4"}],"replies":[{"embeddable":true,"href":"https:\/\/www.flugplaetze-der-luftwaffe.de\/index.php?rest_route=%2Fwp%2Fv2%2Fcomments&post=267"}],"version-history":[{"count":23,"href":"https:\/\/www.flugplaetze-der-luftwaffe.de\/index.php?rest_route=\/wp\/v2\/posts\/267\/revisions"}],"predecessor-version":[{"id":556,"href":"https:\/\/www.flugplaetze-der-luftwaffe.de\/index.php?rest_route=\/wp\/v2\/posts\/267\/revisions\/556"}],"wp:attachment":[{"href":"https:\/\/www.flugplaetze-der-luftwaffe.de\/index.php?rest_route=%2Fwp%2Fv2%2Fmedia&parent=267"}],"wp:term":[{"taxonomy":"category","embeddable":true,"href":"https:\/\/www.flugplaetze-der-luftwaffe.de\/index.php?rest_route=%2Fwp%2Fv2%2Fcategories&post=267"},{"taxonomy":"post_tag","embeddable":true,"href":"https:\/\/www.flugplaetze-der-luftwaffe.de\/index.php?rest_route=%2Fwp%2Fv2%2Ftags&post=267"}],"curies":[{"name":"wp","href":"https:\/\/api.w.org\/{rel}","templated":true}]}}