{"id":235,"date":"2012-04-01T12:32:36","date_gmt":"2012-04-01T10:32:36","guid":{"rendered":"http:\/\/www.flugplaetze-der-luftwaffe.de\/?p=235"},"modified":"2018-06-22T06:48:41","modified_gmt":"2018-06-22T04:48:41","slug":"neue-fotos-vom-fliegerhorst-perleberg","status":"publish","type":"post","link":"https:\/\/www.flugplaetze-der-luftwaffe.de\/?p=235","title":{"rendered":"Neue Fotos vom Fliegerhorst Perleberg"},"content":{"rendered":"<p>Nach den Beitr\u00e4gen mit neuen Fotos der Fliegerhorste <a title=\"Neue Fotos vom Land- und Seefliegerhorst P\u00fctnitz\" href=\"http:\/\/www.flugplaetze-der-luftwaffe.de\/?p=199\">P\u00fctnitz<\/a> und <a title=\"Neue Fotos vom ehemaligen Fliegerhorst Ludwigslust\" href=\"http:\/\/www.flugplaetze-der-luftwaffe.de\/?p=219\">Ludwigslust<\/a> m\u00f6chte ich heute den dritten Satz Fotos verf\u00fcgbar machen, der mir von Herrn Gr\u00fcschow zur Ver\u00f6ffentlichung \u00fcberlassen wurde. Es handelt sich diesmal um den ehemaligen <em>Fliegerhorst Perleberg<\/em> in Brandenburg.<\/p>\n<p>Ausf\u00fchrlich besprochen wurde der Platz von mir im ersten Band der Reihe <a title=\"Flugpl\u00e4tze der Luftwaffe 1934 \u2013 1945\u2026 und was von ihnen \u00fcbrig blieb \u2013 Band 1: Berlin &amp; Brandenburg\" href=\"http:\/\/www.flugplaetze-der-luftwaffe.de\/?p=21\">Flugpl\u00e4tze der Luftwaffe 1934 &#8211; 1945: Berlin &amp; Brandenburg<\/a> aus dem Jahr 2001<sup class='footnote'><a href='#fn-235-1' id='fnref-235-1' onclick='return fdfootnote_show(235)'>1<\/a><\/sup>.<\/p>\n<h2>\u00dcbersicht<\/h2>\n<p>Da der Fliegerhorst recht ausgedehnt ist, habe ich zur besseren \u00dcbersicht \u00fcber die Aufnahmeorte auch hier wieder ein Kartenblatt vorbereitet.<\/p>\n<p><a href=\"http:\/\/www.flugplaetze-der-luftwaffe.de\/wp-content\/uploads\/2012\/04\/Perleberg-MtB.jpg\" rel=\"lightbox[235]\"><img loading=\"lazy\" decoding=\"async\" class=\"aligncenter size-large wp-image-255\" title=\"Perleberg MtB\" src=\"http:\/\/www.flugplaetze-der-luftwaffe.de\/wp-content\/uploads\/2012\/04\/Perleberg-MtB-1024x592.jpg\" alt=\"\" width=\"640\" height=\"370\" srcset=\"https:\/\/www.flugplaetze-der-luftwaffe.de\/wp-content\/uploads\/2012\/04\/Perleberg-MtB-1024x592.jpg 1024w, https:\/\/www.flugplaetze-der-luftwaffe.de\/wp-content\/uploads\/2012\/04\/Perleberg-MtB-300x173.jpg 300w, https:\/\/www.flugplaetze-der-luftwaffe.de\/wp-content\/uploads\/2012\/04\/Perleberg-MtB.jpg 1080w\" sizes=\"auto, (max-width: 640px) 100vw, 640px\" \/><\/a>Eine weitere &#8211; handgezeichnete &#8211; Skizze der Geb\u00e4ude wurde mir vor Jahren durch einen ehemaligen Angeh\u00f6rigen des Fliegerhorstes zur Verf\u00fcgung gestellt. Bis auf die Geb\u00e4ude rund um die Flugleitung (in der Handskizze die Nummern 11\/12) und die Flugzeughallen sind alle Anlagen inzwischen verschwunden.<\/p>\n<h2><a href=\"http:\/\/www.flugplaetze-der-luftwaffe.de\/wp-content\/uploads\/2012\/04\/Perleberg-01-Lageskizze.jpg\" rel=\"lightbox[235]\"><img loading=\"lazy\" decoding=\"async\" class=\"aligncenter size-large wp-image-239\" title=\"Perleberg 01 - Lageskizze\" src=\"http:\/\/www.flugplaetze-der-luftwaffe.de\/wp-content\/uploads\/2012\/04\/Perleberg-01-Lageskizze-1024x585.jpg\" alt=\"\" width=\"640\" height=\"365\" srcset=\"https:\/\/www.flugplaetze-der-luftwaffe.de\/wp-content\/uploads\/2012\/04\/Perleberg-01-Lageskizze-1024x585.jpg 1024w, https:\/\/www.flugplaetze-der-luftwaffe.de\/wp-content\/uploads\/2012\/04\/Perleberg-01-Lageskizze-300x171.jpg 300w, https:\/\/www.flugplaetze-der-luftwaffe.de\/wp-content\/uploads\/2012\/04\/Perleberg-01-Lageskizze.jpg 1080w\" sizes=\"auto, (max-width: 640px) 100vw, 640px\" \/><\/a>Die Flugleitung<\/h2>\n<p>Als eines der wenigen erhaltenen Geb\u00e4ude entpuppt sich die ehemalige Flugleitung (auf der Handskizze die Nummer 11\/12, auf der Foto-\u00dcbersicht die Aufnahmen 2 und 3) mit ihrer charakteristischen Front.<\/p>\n<p><a href=\"http:\/\/www.flugplaetze-der-luftwaffe.de\/wp-content\/uploads\/2012\/04\/Perleberg-02-Flugleitung.jpg\" rel=\"lightbox[235]\"><img loading=\"lazy\" decoding=\"async\" class=\"aligncenter size-large wp-image-240\" title=\"Perleberg 02 - Flugleitung\" src=\"http:\/\/www.flugplaetze-der-luftwaffe.de\/wp-content\/uploads\/2012\/04\/Perleberg-02-Flugleitung-1024x682.jpg\" alt=\"\" width=\"640\" height=\"426\" srcset=\"https:\/\/www.flugplaetze-der-luftwaffe.de\/wp-content\/uploads\/2012\/04\/Perleberg-02-Flugleitung-1024x682.jpg 1024w, https:\/\/www.flugplaetze-der-luftwaffe.de\/wp-content\/uploads\/2012\/04\/Perleberg-02-Flugleitung-300x200.jpg 300w, https:\/\/www.flugplaetze-der-luftwaffe.de\/wp-content\/uploads\/2012\/04\/Perleberg-02-Flugleitung.jpg 1080w\" sizes=\"auto, (max-width: 640px) 100vw, 640px\" \/><\/a>Heute sind die Fensterrahmen teilweise entfernt, die Scheiben schon lange verschwunden. Bei genauerer Betrachtung des Flugleitungsturms kann man auch heute noch erkennen, dass sich hier einst eine Uhr befunden hat.<\/p>\n<h2><a href=\"http:\/\/www.flugplaetze-der-luftwaffe.de\/wp-content\/uploads\/2012\/04\/Perleberg-03-Flugleitung-Detailaufnahme.jpg\" rel=\"lightbox[235]\"><img loading=\"lazy\" decoding=\"async\" class=\"aligncenter size-large wp-image-241\" title=\"Perleberg 03 - Flugleitung - Detailaufnahme\" src=\"http:\/\/www.flugplaetze-der-luftwaffe.de\/wp-content\/uploads\/2012\/04\/Perleberg-03-Flugleitung-Detailaufnahme-1024x682.jpg\" alt=\"\" width=\"640\" height=\"426\" srcset=\"https:\/\/www.flugplaetze-der-luftwaffe.de\/wp-content\/uploads\/2012\/04\/Perleberg-03-Flugleitung-Detailaufnahme-1024x682.jpg 1024w, https:\/\/www.flugplaetze-der-luftwaffe.de\/wp-content\/uploads\/2012\/04\/Perleberg-03-Flugleitung-Detailaufnahme-300x200.jpg 300w, https:\/\/www.flugplaetze-der-luftwaffe.de\/wp-content\/uploads\/2012\/04\/Perleberg-03-Flugleitung-Detailaufnahme.jpg 1080w\" sizes=\"auto, (max-width: 640px) 100vw, 640px\" \/><\/a>Die Halle 2 &#8211; Mittelgro\u00dfe Halle im \u00f6stlichen Teil<\/h2>\n<p>Neue Aufnahmen der Halle 2, die sich im \u00f6stlichen Teil des ehemaligen Hallenbereiches befindet, zeigt deutliche Spuren des Verfalls.<\/p>\n<p><a href=\"http:\/\/www.flugplaetze-der-luftwaffe.de\/wp-content\/uploads\/2012\/04\/Perleberg-04-Halle-2.jpg\" rel=\"lightbox[235]\"><img loading=\"lazy\" decoding=\"async\" class=\"aligncenter size-large wp-image-242\" title=\"Perleberg 04 - Halle 2\" src=\"http:\/\/www.flugplaetze-der-luftwaffe.de\/wp-content\/uploads\/2012\/04\/Perleberg-04-Halle-2-1024x682.jpg\" alt=\"\" width=\"640\" height=\"426\" srcset=\"https:\/\/www.flugplaetze-der-luftwaffe.de\/wp-content\/uploads\/2012\/04\/Perleberg-04-Halle-2-1024x682.jpg 1024w, https:\/\/www.flugplaetze-der-luftwaffe.de\/wp-content\/uploads\/2012\/04\/Perleberg-04-Halle-2-300x200.jpg 300w, https:\/\/www.flugplaetze-der-luftwaffe.de\/wp-content\/uploads\/2012\/04\/Perleberg-04-Halle-2.jpg 1080w\" sizes=\"auto, (max-width: 640px) 100vw, 640px\" \/><\/a>Vergleicht man diese und die folgenden Aufnahmen mit dem von mir 2001 ver\u00f6ffentlichten Foto<sup class='footnote'><a href='#fn-235-2' id='fnref-235-2' onclick='return fdfootnote_show(235)'>2<\/a><\/sup>, so ist unschwer der zunehmende Bewuchs um die Halle herum sowie die allgemeine Verschlechterung der Bausubstanz erkennbar. Selbst das halb ge\u00f6ffnete Tor der Halle scheint in den vergangenen zwei Jahrzehnten nicht bewegt worden zu sein.<\/p>\n<p><a href=\"http:\/\/www.flugplaetze-der-luftwaffe.de\/wp-content\/uploads\/2012\/04\/Perleberg-05-Halle-2.jpg\" rel=\"lightbox[235]\"><img loading=\"lazy\" decoding=\"async\" class=\"aligncenter size-large wp-image-243\" title=\"Perleberg 05 - Halle 2\" src=\"http:\/\/www.flugplaetze-der-luftwaffe.de\/wp-content\/uploads\/2012\/04\/Perleberg-05-Halle-2-1024x682.jpg\" alt=\"\" width=\"640\" height=\"426\" srcset=\"https:\/\/www.flugplaetze-der-luftwaffe.de\/wp-content\/uploads\/2012\/04\/Perleberg-05-Halle-2-1024x682.jpg 1024w, https:\/\/www.flugplaetze-der-luftwaffe.de\/wp-content\/uploads\/2012\/04\/Perleberg-05-Halle-2-300x200.jpg 300w, https:\/\/www.flugplaetze-der-luftwaffe.de\/wp-content\/uploads\/2012\/04\/Perleberg-05-Halle-2.jpg 1080w\" sizes=\"auto, (max-width: 640px) 100vw, 640px\" \/><\/a>Bewuchs und Wassersch\u00e4den sowie die verstrichene Zeit ohne Wartungs- und Sanierungsarbeiten lassen vermuten, dass Halle 2 in den n\u00e4chsten Jahren entweder dem Abriss oder dem Einsturz zum Opfer fallen d\u00fcrfte &#8211; nur das &#8220;Wann&#8221; ist noch offen&#8230;<\/p>\n<h2><a href=\"http:\/\/www.flugplaetze-der-luftwaffe.de\/wp-content\/uploads\/2012\/04\/Perleberg-06-Halle-2.jpg\" rel=\"lightbox[235]\"><img loading=\"lazy\" decoding=\"async\" class=\"aligncenter size-large wp-image-244\" title=\"Perleberg 06 - Halle 2\" src=\"http:\/\/www.flugplaetze-der-luftwaffe.de\/wp-content\/uploads\/2012\/04\/Perleberg-06-Halle-2-1024x682.jpg\" alt=\"\" width=\"640\" height=\"426\" srcset=\"https:\/\/www.flugplaetze-der-luftwaffe.de\/wp-content\/uploads\/2012\/04\/Perleberg-06-Halle-2-1024x682.jpg 1024w, https:\/\/www.flugplaetze-der-luftwaffe.de\/wp-content\/uploads\/2012\/04\/Perleberg-06-Halle-2-300x200.jpg 300w, https:\/\/www.flugplaetze-der-luftwaffe.de\/wp-content\/uploads\/2012\/04\/Perleberg-06-Halle-2.jpg 1080w\" sizes=\"auto, (max-width: 640px) 100vw, 640px\" \/><\/a>Halle 4 &#8211; die gro\u00dfe Flugzeughalle im Westen<\/h2>\n<p>Im Vergleich zur Halle 2 sieht die Halle 4 am westlichen Rand des Hallenbereichs noch verh\u00e4ltnism\u00e4\u00dfig gut erhalten aus. Auch hier gibt es ein Vergleichsfoto aus dem im Jahr 2001 ver\u00f6ffentlichten Band<sup class='footnote'><a href='#fn-235-3' id='fnref-235-3' onclick='return fdfootnote_show(235)'>3<\/a><\/sup>.<\/p>\n<p><a href=\"http:\/\/www.flugplaetze-der-luftwaffe.de\/wp-content\/uploads\/2012\/04\/Perleberg-07-Halle-4.jpg\" rel=\"lightbox[235]\"><img loading=\"lazy\" decoding=\"async\" class=\"aligncenter size-large wp-image-245\" title=\"Perleberg 07 - Halle 4\" src=\"http:\/\/www.flugplaetze-der-luftwaffe.de\/wp-content\/uploads\/2012\/04\/Perleberg-07-Halle-4-1024x682.jpg\" alt=\"\" width=\"640\" height=\"426\" srcset=\"https:\/\/www.flugplaetze-der-luftwaffe.de\/wp-content\/uploads\/2012\/04\/Perleberg-07-Halle-4-1024x682.jpg 1024w, https:\/\/www.flugplaetze-der-luftwaffe.de\/wp-content\/uploads\/2012\/04\/Perleberg-07-Halle-4-300x200.jpg 300w, https:\/\/www.flugplaetze-der-luftwaffe.de\/wp-content\/uploads\/2012\/04\/Perleberg-07-Halle-4.jpg 1080w\" sizes=\"auto, (max-width: 640px) 100vw, 640px\" \/><\/a>Selbst die Fl\u00fcgel der Schiebetore scheinen sich noch bewegen zu lassen, auch wenn ihre Farbe in den letzten 20 Jahren abgebl\u00e4ttert und verwittert ist.<\/p>\n<p><a href=\"http:\/\/www.flugplaetze-der-luftwaffe.de\/wp-content\/uploads\/2012\/04\/Perleberg-08-Halle-4.jpg\" rel=\"lightbox[235]\"><img loading=\"lazy\" decoding=\"async\" class=\"aligncenter size-large wp-image-246\" title=\"Perleberg 08 - Halle 4\" src=\"http:\/\/www.flugplaetze-der-luftwaffe.de\/wp-content\/uploads\/2012\/04\/Perleberg-08-Halle-4-1024x682.jpg\" alt=\"\" width=\"640\" height=\"426\" srcset=\"https:\/\/www.flugplaetze-der-luftwaffe.de\/wp-content\/uploads\/2012\/04\/Perleberg-08-Halle-4-1024x682.jpg 1024w, https:\/\/www.flugplaetze-der-luftwaffe.de\/wp-content\/uploads\/2012\/04\/Perleberg-08-Halle-4-300x200.jpg 300w, https:\/\/www.flugplaetze-der-luftwaffe.de\/wp-content\/uploads\/2012\/04\/Perleberg-08-Halle-4.jpg 1080w\" sizes=\"auto, (max-width: 640px) 100vw, 640px\" \/><\/a>Im Inneren der Halle kann man erkennen, dass die Ziegel der Dachausmauerung abplatzen, ihre Substanz also vermutlich besch\u00e4digt ist.<\/p>\n<p><a href=\"http:\/\/www.flugplaetze-der-luftwaffe.de\/wp-content\/uploads\/2012\/04\/Perleberg-09-Halle-4-Innen.jpg\" rel=\"lightbox[235]\"><img loading=\"lazy\" decoding=\"async\" class=\"aligncenter size-large wp-image-247\" title=\"Perleberg 09 - Halle 4 Innen\" src=\"http:\/\/www.flugplaetze-der-luftwaffe.de\/wp-content\/uploads\/2012\/04\/Perleberg-09-Halle-4-Innen-1024x682.jpg\" alt=\"\" width=\"640\" height=\"426\" srcset=\"https:\/\/www.flugplaetze-der-luftwaffe.de\/wp-content\/uploads\/2012\/04\/Perleberg-09-Halle-4-Innen-1024x682.jpg 1024w, https:\/\/www.flugplaetze-der-luftwaffe.de\/wp-content\/uploads\/2012\/04\/Perleberg-09-Halle-4-Innen-300x200.jpg 300w, https:\/\/www.flugplaetze-der-luftwaffe.de\/wp-content\/uploads\/2012\/04\/Perleberg-09-Halle-4-Innen.jpg 1080w\" sizes=\"auto, (max-width: 640px) 100vw, 640px\" \/><\/a>Im allgemeinen jedoch scheinen sowohl das Ziegelwerk als auch das tragende Eisenfachwerk noch in gutem Zustand zu sein.<\/p>\n<h2><a href=\"http:\/\/www.flugplaetze-der-luftwaffe.de\/wp-content\/uploads\/2012\/04\/Perleberg-10-Halle-4-Innen.jpg\" rel=\"lightbox[235]\"><img loading=\"lazy\" decoding=\"async\" class=\"aligncenter size-large wp-image-248\" title=\"Perleberg 10 - Halle 4 Innen\" src=\"http:\/\/www.flugplaetze-der-luftwaffe.de\/wp-content\/uploads\/2012\/04\/Perleberg-10-Halle-4-Innen-1024x682.jpg\" alt=\"\" width=\"640\" height=\"426\" srcset=\"https:\/\/www.flugplaetze-der-luftwaffe.de\/wp-content\/uploads\/2012\/04\/Perleberg-10-Halle-4-Innen-1024x682.jpg 1024w, https:\/\/www.flugplaetze-der-luftwaffe.de\/wp-content\/uploads\/2012\/04\/Perleberg-10-Halle-4-Innen-300x200.jpg 300w, https:\/\/www.flugplaetze-der-luftwaffe.de\/wp-content\/uploads\/2012\/04\/Perleberg-10-Halle-4-Innen.jpg 1080w\" sizes=\"auto, (max-width: 640px) 100vw, 640px\" \/><\/a>Halle 1 &#8211; die Werfthalle im Osten<\/h2>\n<p>Ganz im Osten des ehemaligen Hallenbereiches steht die alte Werfthalle. Sie gibt durch ihre Bauweise davon Zeugnis, dass sie schon recht fr\u00fch errichtet worden ist.<\/p>\n<p><a href=\"http:\/\/www.flugplaetze-der-luftwaffe.de\/wp-content\/uploads\/2012\/04\/Perleberg-11-Halle-1.jpg\" rel=\"lightbox[235]\"><img loading=\"lazy\" decoding=\"async\" class=\"aligncenter size-large wp-image-249\" title=\"Perleberg 11 - Halle 1\" src=\"http:\/\/www.flugplaetze-der-luftwaffe.de\/wp-content\/uploads\/2012\/04\/Perleberg-11-Halle-1-1024x682.jpg\" alt=\"\" width=\"640\" height=\"426\" srcset=\"https:\/\/www.flugplaetze-der-luftwaffe.de\/wp-content\/uploads\/2012\/04\/Perleberg-11-Halle-1-1024x682.jpg 1024w, https:\/\/www.flugplaetze-der-luftwaffe.de\/wp-content\/uploads\/2012\/04\/Perleberg-11-Halle-1-300x200.jpg 300w, https:\/\/www.flugplaetze-der-luftwaffe.de\/wp-content\/uploads\/2012\/04\/Perleberg-11-Halle-1.jpg 1080w\" sizes=\"auto, (max-width: 640px) 100vw, 640px\" \/><\/a>Auch hier steht aus der Ver\u00f6ffentlichung des Jahres 2001 eine Vergleichsaufnahme zur Verf\u00fcgung<sup class='footnote'><a href='#fn-235-4' id='fnref-235-4' onclick='return fdfootnote_show(235)'>4<\/a><\/sup>.<\/p>\n<p>Auch hier scheint seit vielen Jahren nichts zum Schutz der Bausubstanz unternommen worden zu sein, die kleinen Birken auf dem Dach sowie der dichte Bewuchs um die Halle herum zeugen davon.<\/p>\n<p><a href=\"http:\/\/www.flugplaetze-der-luftwaffe.de\/wp-content\/uploads\/2012\/04\/Perleberg-12-Halle-1.jpg\" rel=\"lightbox[235]\"><img loading=\"lazy\" decoding=\"async\" class=\"aligncenter size-large wp-image-250\" title=\"Perleberg 12 - Halle 1\" src=\"http:\/\/www.flugplaetze-der-luftwaffe.de\/wp-content\/uploads\/2012\/04\/Perleberg-12-Halle-1-1024x682.jpg\" alt=\"\" width=\"640\" height=\"426\" srcset=\"https:\/\/www.flugplaetze-der-luftwaffe.de\/wp-content\/uploads\/2012\/04\/Perleberg-12-Halle-1-1024x682.jpg 1024w, https:\/\/www.flugplaetze-der-luftwaffe.de\/wp-content\/uploads\/2012\/04\/Perleberg-12-Halle-1-300x200.jpg 300w, https:\/\/www.flugplaetze-der-luftwaffe.de\/wp-content\/uploads\/2012\/04\/Perleberg-12-Halle-1.jpg 1080w\" sizes=\"auto, (max-width: 640px) 100vw, 640px\" \/><\/a>Das Vermauern der Werkst\u00e4tten und B\u00fcrobereiche, welches die folgende Aufnahme zeigt, geht allerdings bereits auf die Zeit der Nutzung durch die sowjetischen Streitkr\u00e4fte zur\u00fcck.<\/p>\n<p><a href=\"http:\/\/www.flugplaetze-der-luftwaffe.de\/wp-content\/uploads\/2012\/04\/Perleberg-13-Halle-1.jpg\" rel=\"lightbox[235]\"><img loading=\"lazy\" decoding=\"async\" class=\"aligncenter size-large wp-image-251\" title=\"Perleberg 13 - Halle 1\" src=\"http:\/\/www.flugplaetze-der-luftwaffe.de\/wp-content\/uploads\/2012\/04\/Perleberg-13-Halle-1-1024x682.jpg\" alt=\"\" width=\"640\" height=\"426\" srcset=\"https:\/\/www.flugplaetze-der-luftwaffe.de\/wp-content\/uploads\/2012\/04\/Perleberg-13-Halle-1-1024x682.jpg 1024w, https:\/\/www.flugplaetze-der-luftwaffe.de\/wp-content\/uploads\/2012\/04\/Perleberg-13-Halle-1-300x200.jpg 300w, https:\/\/www.flugplaetze-der-luftwaffe.de\/wp-content\/uploads\/2012\/04\/Perleberg-13-Halle-1.jpg 1080w\" sizes=\"auto, (max-width: 640px) 100vw, 640px\" \/><\/a>Betritt man die alte Werfthalle, zeigt sich deren Konstruktion um ein Stahlfachwerkger\u00fcst herum, welches nach au\u00dfen hin mit Ziegeln ausgemauert wurde.<\/p>\n<p><a href=\"http:\/\/www.flugplaetze-der-luftwaffe.de\/wp-content\/uploads\/2012\/04\/Perleberg-14-Halle-1-Innen.jpg\" rel=\"lightbox[235]\"><img loading=\"lazy\" decoding=\"async\" class=\"aligncenter size-large wp-image-252\" title=\"Perleberg 14 - Halle 1 Innen\" src=\"http:\/\/www.flugplaetze-der-luftwaffe.de\/wp-content\/uploads\/2012\/04\/Perleberg-14-Halle-1-Innen-1024x682.jpg\" alt=\"\" width=\"640\" height=\"426\" srcset=\"https:\/\/www.flugplaetze-der-luftwaffe.de\/wp-content\/uploads\/2012\/04\/Perleberg-14-Halle-1-Innen-1024x682.jpg 1024w, https:\/\/www.flugplaetze-der-luftwaffe.de\/wp-content\/uploads\/2012\/04\/Perleberg-14-Halle-1-Innen-300x200.jpg 300w, https:\/\/www.flugplaetze-der-luftwaffe.de\/wp-content\/uploads\/2012\/04\/Perleberg-14-Halle-1-Innen.jpg 1080w\" sizes=\"auto, (max-width: 640px) 100vw, 640px\" \/><\/a>Wie bei Halle 4 entstand das Dach aus Ziegelmauerwerk mit einer Isolierschicht und einer Doppellage Bitumendachpappe.<\/p>\n<p><a href=\"http:\/\/www.flugplaetze-der-luftwaffe.de\/wp-content\/uploads\/2012\/04\/Perleberg-15-Halle-1-Innen.jpg\" rel=\"lightbox[235]\"><img loading=\"lazy\" decoding=\"async\" class=\"aligncenter size-large wp-image-253\" title=\"Perleberg 15 - Halle 1 Innen\" src=\"http:\/\/www.flugplaetze-der-luftwaffe.de\/wp-content\/uploads\/2012\/04\/Perleberg-15-Halle-1-Innen-1024x682.jpg\" alt=\"\" width=\"640\" height=\"426\" srcset=\"https:\/\/www.flugplaetze-der-luftwaffe.de\/wp-content\/uploads\/2012\/04\/Perleberg-15-Halle-1-Innen-1024x682.jpg 1024w, https:\/\/www.flugplaetze-der-luftwaffe.de\/wp-content\/uploads\/2012\/04\/Perleberg-15-Halle-1-Innen-300x200.jpg 300w, https:\/\/www.flugplaetze-der-luftwaffe.de\/wp-content\/uploads\/2012\/04\/Perleberg-15-Halle-1-Innen.jpg 1080w\" sizes=\"auto, (max-width: 640px) 100vw, 640px\" \/><\/a>Der auf der vorangegangenen Aufnahme sehr sch\u00f6n sichtbare Deckenkran ist auch heute noch &#8220;an Ort und Stelle&#8221;, auch wenn er seit langem keine Lasten mehr angehoben hat. Sehr sch\u00f6n sind in der Detailaufnahme noch Tragkraft und Hersteller abzulesen.<\/p>\n<h2><a href=\"http:\/\/www.flugplaetze-der-luftwaffe.de\/wp-content\/uploads\/2012\/04\/Perleberg-16-Halle-1-Innen.jpg\" rel=\"lightbox[235]\"><img loading=\"lazy\" decoding=\"async\" class=\"aligncenter size-large wp-image-254\" title=\"Perleberg 16 - Halle 1 Innen\" src=\"http:\/\/www.flugplaetze-der-luftwaffe.de\/wp-content\/uploads\/2012\/04\/Perleberg-16-Halle-1-Innen-1024x682.jpg\" alt=\"\" width=\"640\" height=\"426\" srcset=\"https:\/\/www.flugplaetze-der-luftwaffe.de\/wp-content\/uploads\/2012\/04\/Perleberg-16-Halle-1-Innen-1024x682.jpg 1024w, https:\/\/www.flugplaetze-der-luftwaffe.de\/wp-content\/uploads\/2012\/04\/Perleberg-16-Halle-1-Innen-300x200.jpg 300w, https:\/\/www.flugplaetze-der-luftwaffe.de\/wp-content\/uploads\/2012\/04\/Perleberg-16-Halle-1-Innen.jpg 1080w\" sizes=\"auto, (max-width: 640px) 100vw, 640px\" \/><\/a>Copyright &amp; Danksagung<\/h2>\n<p>Auch f\u00fcr diesen dritten Part der Ver\u00f6ffentlichung aktueller Bilder liegen die Copyright-Rechte f\u00fcr alle Fotos bei Herrn Gr\u00fcschow. Das Copyright-Recht f\u00fcr alle Begleittexte, die in diesem Beitrag genutzt wurden, liegt bei J\u00fcrgen Zapf.<\/p>\n<div class='footnotes' id='footnotes-235'>\n<div class='footnotedivider'><\/div>\n<ol>\n<li id='fn-235-1'> Zapf, J\u00fcrgen: Flugpl\u00e4tze der Luftwaffe 1934 &#8211; 1945: Berlin &amp; Brandenburg (ISBN: 3-925480-52-8) &#8211; Seite 246ff. <span class='footnotereverse'><a href='#fnref-235-1'>&#8617;<\/a><\/span><\/li>\n<li id='fn-235-2'> Zapf, J\u00fcrgen: Flugpl\u00e4tze der Luftwaffe 1934 &#8211; 1945: Berlin &amp; Brandenburg &#8211; Seite 255 <span class='footnotereverse'><a href='#fnref-235-2'>&#8617;<\/a><\/span><\/li>\n<li id='fn-235-3'> Zapf, J\u00fcrgen: Flugpl\u00e4tze der Luftwaffe 1934 &#8211; 1945: Berlin &amp; Brandenburg &#8211; Seite 254 <span class='footnotereverse'><a href='#fnref-235-3'>&#8617;<\/a><\/span><\/li>\n<li id='fn-235-4'> Zapf, J\u00fcrgen: Flugpl\u00e4tze der Luftwaffe 1934 &#8211; 1945: Berlin &amp; Brandenburg &#8211; Seite 255 <span class='footnotereverse'><a href='#fnref-235-4'>&#8617;<\/a><\/span><\/li>\n<\/ol>\n<\/div>\n","protected":false},"excerpt":{"rendered":"<p>Nach den Beitr\u00e4gen mit neuen Fotos der Fliegerhorste P\u00fctnitz und Ludwigslust m\u00f6chte ich heute den dritten Satz Fotos verf\u00fcgbar machen, der mir von Herrn Gr\u00fcschow zur Ver\u00f6ffentlichung \u00fcberlassen wurde. Es handelt sich diesmal um den ehemaligen Fliegerhorst Perleberg in Brandenburg. &hellip; <a href=\"https:\/\/www.flugplaetze-der-luftwaffe.de\/?p=235\">Continue reading <span class=\"meta-nav\">&rarr;<\/span><\/a><\/p>\n","protected":false},"author":4,"featured_media":0,"comment_status":"closed","ping_status":"open","sticky":false,"template":"","format":"standard","meta":{"spay_email":"","footnotes":""},"categories":[7],"tags":[9],"class_list":["post-235","post","type-post","status-publish","format-standard","hentry","category-flugplatze-der-luftwaffe-1934-1945","tag-brandenburg"],"jetpack_featured_media_url":"","jetpack_shortlink":"https:\/\/wp.me\/p1RjFv-3N","_links":{"self":[{"href":"https:\/\/www.flugplaetze-der-luftwaffe.de\/index.php?rest_route=\/wp\/v2\/posts\/235","targetHints":{"allow":["GET"]}}],"collection":[{"href":"https:\/\/www.flugplaetze-der-luftwaffe.de\/index.php?rest_route=\/wp\/v2\/posts"}],"about":[{"href":"https:\/\/www.flugplaetze-der-luftwaffe.de\/index.php?rest_route=\/wp\/v2\/types\/post"}],"author":[{"embeddable":true,"href":"https:\/\/www.flugplaetze-der-luftwaffe.de\/index.php?rest_route=\/wp\/v2\/users\/4"}],"replies":[{"embeddable":true,"href":"https:\/\/www.flugplaetze-der-luftwaffe.de\/index.php?rest_route=%2Fwp%2Fv2%2Fcomments&post=235"}],"version-history":[{"count":9,"href":"https:\/\/www.flugplaetze-der-luftwaffe.de\/index.php?rest_route=\/wp\/v2\/posts\/235\/revisions"}],"predecessor-version":[{"id":299,"href":"https:\/\/www.flugplaetze-der-luftwaffe.de\/index.php?rest_route=\/wp\/v2\/posts\/235\/revisions\/299"}],"wp:attachment":[{"href":"https:\/\/www.flugplaetze-der-luftwaffe.de\/index.php?rest_route=%2Fwp%2Fv2%2Fmedia&parent=235"}],"wp:term":[{"taxonomy":"category","embeddable":true,"href":"https:\/\/www.flugplaetze-der-luftwaffe.de\/index.php?rest_route=%2Fwp%2Fv2%2Fcategories&post=235"},{"taxonomy":"post_tag","embeddable":true,"href":"https:\/\/www.flugplaetze-der-luftwaffe.de\/index.php?rest_route=%2Fwp%2Fv2%2Ftags&post=235"}],"curies":[{"name":"wp","href":"https:\/\/api.w.org\/{rel}","templated":true}]}}