{"id":219,"date":"2012-03-30T18:14:27","date_gmt":"2012-03-30T16:14:27","guid":{"rendered":"http:\/\/www.flugplaetze-der-luftwaffe.de\/?p=219"},"modified":"2018-06-22T06:48:41","modified_gmt":"2018-06-22T04:48:41","slug":"neue-fotos-vom-ehemaligen-fliegerhorst-ludwigslust","status":"publish","type":"post","link":"https:\/\/www.flugplaetze-der-luftwaffe.de\/?p=219","title":{"rendered":"Neue Fotos vom ehemaligen Fliegerhorst Ludwigslust"},"content":{"rendered":"<p>Wie bereits bei der Vorstellung der <a title=\"Neue Fotos vom Land- und Seefliegerhorst P\u00fctnitz\" href=\"http:\/\/www.flugplaetze-der-luftwaffe.de\/?p=199\">neuen Bilder des Land- und Seefliegerhorstes P\u00fctnitz<\/a> hat mir Herr Gr\u00fcschow auch aktuelle Aufnahmen vom ehemaligen Fliegerhorst <em>Ludwigslust<\/em> zur Ver\u00f6ffentlichung zukommen lassen.<\/p>\n<p>Im Gegensatz zu <em>P\u00fctnitz<\/em> sind auf dem Gel\u00e4nde dieses ehemaligen Fliegerhorstes <em><\/em>kaum noch Hinweise auf die ursp\u00fcngliche Bebauung erhalten. Einzig zwei Hallen in der S\u00fcd-Ost-Ecke des ehemaligen Rollfelds haben die Zeit \u00fcberdauert &#8211; \u00fcber ihren Zustand geben die Fotos von Herr Gr\u00fcschow Auskunft.<\/p>\n<p>Der besseren \u00dcbersicht wegen wurde auch f\u00fcr diesen Fliegerhorst eine \u00dcbersichtskarte mit den Aufnahmeorten der Au\u00dfenaufnahmen angefertigt.<\/p>\n<p><a href=\"http:\/\/www.flugplaetze-der-luftwaffe.de\/wp-content\/uploads\/2012\/03\/Ludwigslust-MtB.jpg\" rel=\"lightbox[219]\"><img loading=\"lazy\" decoding=\"async\" class=\"aligncenter size-large wp-image-233\" title=\"Ludwigslust MtB\" src=\"http:\/\/www.flugplaetze-der-luftwaffe.de\/wp-content\/uploads\/2012\/03\/Ludwigslust-MtB-1024x793.jpg\" alt=\"\" width=\"640\" height=\"495\" srcset=\"https:\/\/www.flugplaetze-der-luftwaffe.de\/wp-content\/uploads\/2012\/03\/Ludwigslust-MtB-1024x793.jpg 1024w, https:\/\/www.flugplaetze-der-luftwaffe.de\/wp-content\/uploads\/2012\/03\/Ludwigslust-MtB-300x232.jpg 300w, https:\/\/www.flugplaetze-der-luftwaffe.de\/wp-content\/uploads\/2012\/03\/Ludwigslust-MtB.jpg 1095w\" sizes=\"auto, (max-width: 640px) 100vw, 640px\" \/><\/a>Diese Aufnahme entstand im Oktober 2010 &#8211; zwar steht die Halle noch (es handelt sich hierbei um die westliche der beiden Hallen)&#8230;<a href=\"http:\/\/www.flugplaetze-der-luftwaffe.de\/wp-content\/uploads\/2012\/03\/Ludwigslust-01-Hallen-im-S\u00fcd-Osten.jpg\" rel=\"lightbox[219]\"><img loading=\"lazy\" decoding=\"async\" class=\"aligncenter size-large wp-image-220\" title=\"Ludwigslust 01 - Hallen im S\u00fcd-Osten\" src=\"http:\/\/www.flugplaetze-der-luftwaffe.de\/wp-content\/uploads\/2012\/03\/Ludwigslust-01-Hallen-im-S\u00fcd-Osten-1024x682.jpg\" alt=\"\" width=\"640\" height=\"426\" srcset=\"https:\/\/www.flugplaetze-der-luftwaffe.de\/wp-content\/uploads\/2012\/03\/Ludwigslust-01-Hallen-im-S\u00fcd-Osten-1024x682.jpg 1024w, https:\/\/www.flugplaetze-der-luftwaffe.de\/wp-content\/uploads\/2012\/03\/Ludwigslust-01-Hallen-im-S\u00fcd-Osten-300x200.jpg 300w, https:\/\/www.flugplaetze-der-luftwaffe.de\/wp-content\/uploads\/2012\/03\/Ludwigslust-01-Hallen-im-S\u00fcd-Osten.jpg 1080w\" sizes=\"auto, (max-width: 640px) 100vw, 640px\" \/><\/a> &#8230;aber die Bausubstanz ist in denkbar schlechtem Zustand, wie auch das folgende Fotos zeigt.<\/p>\n<p><a href=\"http:\/\/www.flugplaetze-der-luftwaffe.de\/wp-content\/uploads\/2012\/03\/Ludwigslust-02-Hallen-im-S\u00fcd-Osten.jpg\" rel=\"lightbox[219]\"><img loading=\"lazy\" decoding=\"async\" class=\"aligncenter size-large wp-image-221\" title=\"Ludwigslust 02 - Hallen im S\u00fcd-Osten\" src=\"http:\/\/www.flugplaetze-der-luftwaffe.de\/wp-content\/uploads\/2012\/03\/Ludwigslust-02-Hallen-im-S\u00fcd-Osten-1024x682.jpg\" alt=\"\" width=\"640\" height=\"426\" srcset=\"https:\/\/www.flugplaetze-der-luftwaffe.de\/wp-content\/uploads\/2012\/03\/Ludwigslust-02-Hallen-im-S\u00fcd-Osten-1024x682.jpg 1024w, https:\/\/www.flugplaetze-der-luftwaffe.de\/wp-content\/uploads\/2012\/03\/Ludwigslust-02-Hallen-im-S\u00fcd-Osten-300x200.jpg 300w, https:\/\/www.flugplaetze-der-luftwaffe.de\/wp-content\/uploads\/2012\/03\/Ludwigslust-02-Hallen-im-S\u00fcd-Osten.jpg 1080w\" sizes=\"auto, (max-width: 640px) 100vw, 640px\" \/><\/a>Betritt man die Halle, sieht man, dass die Stahlfachwerk-Konstruktion, die das Dach tr\u00e4gt, noch in gutem Zustand ist&#8230;<\/p>\n<p><a href=\"http:\/\/www.flugplaetze-der-luftwaffe.de\/wp-content\/uploads\/2012\/03\/Ludwigslust-03-Dachkonstruktion.jpg\" rel=\"lightbox[219]\"><img loading=\"lazy\" decoding=\"async\" class=\"aligncenter size-large wp-image-222\" title=\"Ludwigslust 03 - Dachkonstruktion\" src=\"http:\/\/www.flugplaetze-der-luftwaffe.de\/wp-content\/uploads\/2012\/03\/Ludwigslust-03-Dachkonstruktion-1024x682.jpg\" alt=\"\" width=\"640\" height=\"426\" srcset=\"https:\/\/www.flugplaetze-der-luftwaffe.de\/wp-content\/uploads\/2012\/03\/Ludwigslust-03-Dachkonstruktion-1024x682.jpg 1024w, https:\/\/www.flugplaetze-der-luftwaffe.de\/wp-content\/uploads\/2012\/03\/Ludwigslust-03-Dachkonstruktion-300x200.jpg 300w, https:\/\/www.flugplaetze-der-luftwaffe.de\/wp-content\/uploads\/2012\/03\/Ludwigslust-03-Dachkonstruktion.jpg 1080w\" sizes=\"auto, (max-width: 640px) 100vw, 640px\" \/><\/a>&#8230; jedoch sind Teile des Dachs mittlerweile entweder weggebrochen oder entfernt worden, so dass der weitere Verfall nur eine Frage der Zeit ist.<\/p>\n<p><a href=\"http:\/\/www.flugplaetze-der-luftwaffe.de\/wp-content\/uploads\/2012\/03\/Ludwigslust-04-Halle-innen.jpg\" rel=\"lightbox[219]\"><img loading=\"lazy\" decoding=\"async\" class=\"aligncenter size-large wp-image-223\" title=\"Ludwigslust 04 - Halle innen\" src=\"http:\/\/www.flugplaetze-der-luftwaffe.de\/wp-content\/uploads\/2012\/03\/Ludwigslust-04-Halle-innen-1024x682.jpg\" alt=\"\" width=\"640\" height=\"426\" srcset=\"https:\/\/www.flugplaetze-der-luftwaffe.de\/wp-content\/uploads\/2012\/03\/Ludwigslust-04-Halle-innen-1024x682.jpg 1024w, https:\/\/www.flugplaetze-der-luftwaffe.de\/wp-content\/uploads\/2012\/03\/Ludwigslust-04-Halle-innen-300x200.jpg 300w, https:\/\/www.flugplaetze-der-luftwaffe.de\/wp-content\/uploads\/2012\/03\/Ludwigslust-04-Halle-innen.jpg 1080w\" sizes=\"auto, (max-width: 640px) 100vw, 640px\" \/><\/a>Die im folgenden Bild gezeigte zweite, \u00f6stliche Halle ist in einem ebenso desolaten Zustand. Es ist also davon auszugehen, dass die Tage auch dieser beiden Hallen gez\u00e4hlt sein d\u00fcrften und mit ihrem Verschwinden wird nichts mehr an den alten Fliegerhorst erinnern.<\/p>\n<h2><a href=\"http:\/\/www.flugplaetze-der-luftwaffe.de\/wp-content\/uploads\/2012\/03\/Ludwigslust-05-Hallen-im-S\u00fcd-Osten.jpg\" rel=\"lightbox[219]\"><img loading=\"lazy\" decoding=\"async\" class=\"aligncenter size-large wp-image-224\" title=\"Ludwigslust 05 - Hallen im S\u00fcd-Osten\" src=\"http:\/\/www.flugplaetze-der-luftwaffe.de\/wp-content\/uploads\/2012\/03\/Ludwigslust-05-Hallen-im-S\u00fcd-Osten-1024x682.jpg\" alt=\"\" width=\"640\" height=\"426\" srcset=\"https:\/\/www.flugplaetze-der-luftwaffe.de\/wp-content\/uploads\/2012\/03\/Ludwigslust-05-Hallen-im-S\u00fcd-Osten-1024x682.jpg 1024w, https:\/\/www.flugplaetze-der-luftwaffe.de\/wp-content\/uploads\/2012\/03\/Ludwigslust-05-Hallen-im-S\u00fcd-Osten-300x200.jpg 300w, https:\/\/www.flugplaetze-der-luftwaffe.de\/wp-content\/uploads\/2012\/03\/Ludwigslust-05-Hallen-im-S\u00fcd-Osten.jpg 1080w\" sizes=\"auto, (max-width: 640px) 100vw, 640px\" \/><\/a>Copyright &amp; Danksagung<\/h2>\n<p>Wie bei dem vorangegangenen Artikel auch liegen die Copyright-Rechte f\u00fcr alle Fotos bei Herrn Gr\u00fcschow. Das Copyright-Recht f\u00fcr alle Begleittexte, die in diesem Beitrag genutzt wurden, liegt bei J\u00fcrgen Zapf.<\/p>\n","protected":false},"excerpt":{"rendered":"<p>Wie bereits bei der Vorstellung der neuen Bilder des Land- und Seefliegerhorstes P\u00fctnitz hat mir Herr Gr\u00fcschow auch aktuelle Aufnahmen vom ehemaligen Fliegerhorst Ludwigslust zur Ver\u00f6ffentlichung zukommen lassen. Im Gegensatz zu P\u00fctnitz sind auf dem Gel\u00e4nde dieses ehemaligen Fliegerhorstes kaum &hellip; <a href=\"https:\/\/www.flugplaetze-der-luftwaffe.de\/?p=219\">Continue reading <span class=\"meta-nav\">&rarr;<\/span><\/a><\/p>\n","protected":false},"author":4,"featured_media":0,"comment_status":"closed","ping_status":"open","sticky":false,"template":"","format":"standard","meta":{"spay_email":"","footnotes":""},"categories":[7],"tags":[15],"class_list":["post-219","post","type-post","status-publish","format-standard","hentry","category-flugplatze-der-luftwaffe-1934-1945","tag-mecklenburg-vorpommern"],"jetpack_featured_media_url":"","jetpack_shortlink":"https:\/\/wp.me\/p1RjFv-3x","_links":{"self":[{"href":"https:\/\/www.flugplaetze-der-luftwaffe.de\/index.php?rest_route=\/wp\/v2\/posts\/219","targetHints":{"allow":["GET"]}}],"collection":[{"href":"https:\/\/www.flugplaetze-der-luftwaffe.de\/index.php?rest_route=\/wp\/v2\/posts"}],"about":[{"href":"https:\/\/www.flugplaetze-der-luftwaffe.de\/index.php?rest_route=\/wp\/v2\/types\/post"}],"author":[{"embeddable":true,"href":"https:\/\/www.flugplaetze-der-luftwaffe.de\/index.php?rest_route=\/wp\/v2\/users\/4"}],"replies":[{"embeddable":true,"href":"https:\/\/www.flugplaetze-der-luftwaffe.de\/index.php?rest_route=%2Fwp%2Fv2%2Fcomments&post=219"}],"version-history":[{"count":7,"href":"https:\/\/www.flugplaetze-der-luftwaffe.de\/index.php?rest_route=\/wp\/v2\/posts\/219\/revisions"}],"predecessor-version":[{"id":305,"href":"https:\/\/www.flugplaetze-der-luftwaffe.de\/index.php?rest_route=\/wp\/v2\/posts\/219\/revisions\/305"}],"wp:attachment":[{"href":"https:\/\/www.flugplaetze-der-luftwaffe.de\/index.php?rest_route=%2Fwp%2Fv2%2Fmedia&parent=219"}],"wp:term":[{"taxonomy":"category","embeddable":true,"href":"https:\/\/www.flugplaetze-der-luftwaffe.de\/index.php?rest_route=%2Fwp%2Fv2%2Fcategories&post=219"},{"taxonomy":"post_tag","embeddable":true,"href":"https:\/\/www.flugplaetze-der-luftwaffe.de\/index.php?rest_route=%2Fwp%2Fv2%2Ftags&post=219"}],"curies":[{"name":"wp","href":"https:\/\/api.w.org\/{rel}","templated":true}]}}