{"id":199,"date":"2012-03-18T20:54:42","date_gmt":"2012-03-18T19:54:42","guid":{"rendered":"http:\/\/www.flugplaetze-der-luftwaffe.de\/?p=199"},"modified":"2018-06-22T06:48:41","modified_gmt":"2018-06-22T04:48:41","slug":"neue-fotos-vom-land-und-seefliegerhorst-putnitz","status":"publish","type":"post","link":"https:\/\/www.flugplaetze-der-luftwaffe.de\/?p=199","title":{"rendered":"Neue Fotos vom Land- und Seefliegerhorst P\u00fctnitz"},"content":{"rendered":"<p>Das in diesem Beitrag verwendete Bildmaterial wurde mir dankenswerterweise von Herrn Frank Gr\u00fcschow zur Verf\u00fcgung gestellt und f\u00fcr eine Ver\u00f6ffentlichung von ihm freigegeben.<\/p>\n<p>Es zeigt aktuelle Aufnahmen des Flugplatzes <em>P\u00fctnitz<\/em>. In weiteren Beitr\u00e4gen werde ich auch noch Aufnahmen der Pl\u00e4tze <em>Ludwigslust<\/em> und <em>Perleberg<\/em> verf\u00fcgbar machen. Alle Aufnahmen stammen aus den Jahren 2010 und 2011.<\/p>\n<h2>\u00dcbersicht<\/h2>\n<p>Der besseren \u00dcbersicht halber sind die Aufnahmeorte der Aufnahmen 1 &#8211; 6 auf einer Karte des Fliegerhorstes eingetragen worden.<\/p>\n<h2><a href=\"http:\/\/www.flugplaetze-der-luftwaffe.de\/wp-content\/uploads\/2012\/03\/P\u00fctnitz-MtB.jpg\" rel=\"lightbox[199]\"><img loading=\"lazy\" decoding=\"async\" class=\"aligncenter size-large wp-image-231\" title=\"P\u00fctnitz MtB\" src=\"http:\/\/www.flugplaetze-der-luftwaffe.de\/wp-content\/uploads\/2012\/03\/P\u00fctnitz-MtB-1024x648.jpg\" alt=\"\" width=\"640\" height=\"405\" srcset=\"https:\/\/www.flugplaetze-der-luftwaffe.de\/wp-content\/uploads\/2012\/03\/P\u00fctnitz-MtB-1024x648.jpg 1024w, https:\/\/www.flugplaetze-der-luftwaffe.de\/wp-content\/uploads\/2012\/03\/P\u00fctnitz-MtB-300x189.jpg 300w, https:\/\/www.flugplaetze-der-luftwaffe.de\/wp-content\/uploads\/2012\/03\/P\u00fctnitz-MtB.jpg 1095w\" sizes=\"auto, (max-width: 640px) 100vw, 640px\" \/><\/a>Seehalle I<\/h2>\n<p>Die <strong>Seehalle I<\/strong> auf dem <em>Land- und Seefliegerhorst P\u00fctnitz<\/em> zeigt immer noch wuchtige Dimensionen durch die starken Stahlbetonbogenbinderhallen, um die sie errichtet wurde.<\/p>\n<p><a href=\"http:\/\/www.flugplaetze-der-luftwaffe.de\/wp-content\/uploads\/2012\/03\/P\u00fctnitz-01-Seehalle-I.jpg\" rel=\"lightbox[199]\"><img loading=\"lazy\" decoding=\"async\" class=\"aligncenter size-large wp-image-200\" title=\"P\u00fctnitz 01 - Seehalle I\" src=\"http:\/\/www.flugplaetze-der-luftwaffe.de\/wp-content\/uploads\/2012\/03\/P\u00fctnitz-01-Seehalle-I-1024x682.jpg\" alt=\"\" width=\"640\" height=\"426\" srcset=\"https:\/\/www.flugplaetze-der-luftwaffe.de\/wp-content\/uploads\/2012\/03\/P\u00fctnitz-01-Seehalle-I-1024x682.jpg 1024w, https:\/\/www.flugplaetze-der-luftwaffe.de\/wp-content\/uploads\/2012\/03\/P\u00fctnitz-01-Seehalle-I-300x200.jpg 300w, https:\/\/www.flugplaetze-der-luftwaffe.de\/wp-content\/uploads\/2012\/03\/P\u00fctnitz-01-Seehalle-I.jpg 1080w\" sizes=\"auto, (max-width: 640px) 100vw, 640px\" \/><\/a>Die vorangegangene Aufnahme zeigt die S\u00fcd-Ost-Ecke der Halle und die nach S\u00fcden gerichtete Frontseite.<\/p>\n<p>In der folgenden Aufnahme, die die Halle von S\u00fcd-Westen her zeigt, ist &#8211; trotz sp\u00e4terer \u00dcbermalung &#8211; noch deutlich der Pfeil unterhalb der Turmkanzel zu sehen, der einst die Besatzungen der landenden Seeflugzeuge auf die Flugleitung hinwies.<\/p>\n<p><a href=\"http:\/\/www.flugplaetze-der-luftwaffe.de\/wp-content\/uploads\/2012\/03\/P\u00fctnitz-02-Seehalle-I.jpg\" rel=\"lightbox[199]\"><img loading=\"lazy\" decoding=\"async\" class=\"aligncenter size-large wp-image-201\" title=\"P\u00fctnitz 02 - Seehalle I\" src=\"http:\/\/www.flugplaetze-der-luftwaffe.de\/wp-content\/uploads\/2012\/03\/P\u00fctnitz-02-Seehalle-I-1024x682.jpg\" alt=\"\" width=\"640\" height=\"426\" srcset=\"https:\/\/www.flugplaetze-der-luftwaffe.de\/wp-content\/uploads\/2012\/03\/P\u00fctnitz-02-Seehalle-I-1024x682.jpg 1024w, https:\/\/www.flugplaetze-der-luftwaffe.de\/wp-content\/uploads\/2012\/03\/P\u00fctnitz-02-Seehalle-I-300x200.jpg 300w, https:\/\/www.flugplaetze-der-luftwaffe.de\/wp-content\/uploads\/2012\/03\/P\u00fctnitz-02-Seehalle-I.jpg 1080w\" sizes=\"auto, (max-width: 640px) 100vw, 640px\" \/><\/a>Auf der R\u00fcckseite der Halle jedoch ist der schleichende Verfall des Geb\u00e4udes gut zu erkennen. Die Aufnahme zeigt die nach Norden gerichtete R\u00fcckseite der Halle.<\/p>\n<h2><a href=\"http:\/\/www.flugplaetze-der-luftwaffe.de\/wp-content\/uploads\/2012\/03\/P\u00fctnitz-03-Seehalle-I.jpg\" rel=\"lightbox[199]\"><img loading=\"lazy\" decoding=\"async\" class=\"aligncenter size-large wp-image-202\" title=\"P\u00fctnitz 03 - Seehalle I\" src=\"http:\/\/www.flugplaetze-der-luftwaffe.de\/wp-content\/uploads\/2012\/03\/P\u00fctnitz-03-Seehalle-I-1024x682.jpg\" alt=\"\" width=\"640\" height=\"426\" srcset=\"https:\/\/www.flugplaetze-der-luftwaffe.de\/wp-content\/uploads\/2012\/03\/P\u00fctnitz-03-Seehalle-I-1024x682.jpg 1024w, https:\/\/www.flugplaetze-der-luftwaffe.de\/wp-content\/uploads\/2012\/03\/P\u00fctnitz-03-Seehalle-I-300x200.jpg 300w, https:\/\/www.flugplaetze-der-luftwaffe.de\/wp-content\/uploads\/2012\/03\/P\u00fctnitz-03-Seehalle-I.jpg 1080w\" sizes=\"auto, (max-width: 640px) 100vw, 640px\" \/><\/a>Halle IV<\/h2>\n<p>Auch bei der <strong>Halle IV<\/strong> hat sich zwischen September 2005 und Mai 2011 nichts getan, nur die Farbe an den Holztoren wurde noch weiter abgewaschen.<\/p>\n<p><a href=\"http:\/\/www.flugplaetze-der-luftwaffe.de\/wp-content\/uploads\/2012\/03\/P\u00fctnitz-04-Halle-IV.jpg\" rel=\"lightbox[199]\"><img loading=\"lazy\" decoding=\"async\" class=\"aligncenter size-large wp-image-203\" title=\"P\u00fctnitz 04 - Halle IV\" src=\"http:\/\/www.flugplaetze-der-luftwaffe.de\/wp-content\/uploads\/2012\/03\/P\u00fctnitz-04-Halle-IV-1024x682.jpg\" alt=\"\" width=\"640\" height=\"426\" srcset=\"https:\/\/www.flugplaetze-der-luftwaffe.de\/wp-content\/uploads\/2012\/03\/P\u00fctnitz-04-Halle-IV-1024x682.jpg 1024w, https:\/\/www.flugplaetze-der-luftwaffe.de\/wp-content\/uploads\/2012\/03\/P\u00fctnitz-04-Halle-IV-300x200.jpg 300w, https:\/\/www.flugplaetze-der-luftwaffe.de\/wp-content\/uploads\/2012\/03\/P\u00fctnitz-04-Halle-IV.jpg 1080w\" sizes=\"auto, (max-width: 640px) 100vw, 640px\" \/><\/a>Von der Westseite her ist aber zu erkennen, dass die Bausubstanz immer mehr leidet.<\/p>\n<h2><a href=\"http:\/\/www.flugplaetze-der-luftwaffe.de\/wp-content\/uploads\/2012\/03\/P\u00fctnitz-05-Halle-IV.jpg\" rel=\"lightbox[199]\"><img loading=\"lazy\" decoding=\"async\" class=\"aligncenter size-large wp-image-204\" title=\"P\u00fctnitz 05 - Halle IV\" src=\"http:\/\/www.flugplaetze-der-luftwaffe.de\/wp-content\/uploads\/2012\/03\/P\u00fctnitz-05-Halle-IV-1024x682.jpg\" alt=\"\" width=\"640\" height=\"426\" srcset=\"https:\/\/www.flugplaetze-der-luftwaffe.de\/wp-content\/uploads\/2012\/03\/P\u00fctnitz-05-Halle-IV-1024x682.jpg 1024w, https:\/\/www.flugplaetze-der-luftwaffe.de\/wp-content\/uploads\/2012\/03\/P\u00fctnitz-05-Halle-IV-300x200.jpg 300w, https:\/\/www.flugplaetze-der-luftwaffe.de\/wp-content\/uploads\/2012\/03\/P\u00fctnitz-05-Halle-IV.jpg 1080w\" sizes=\"auto, (max-width: 640px) 100vw, 640px\" \/><\/a>Seehalle V<\/h2>\n<p>Auch an der <strong>Seehalle V<\/strong> hat es keine gro\u00dfen Ver\u00e4nderungen gegeben<\/p>\n<p><a href=\"http:\/\/www.flugplaetze-der-luftwaffe.de\/wp-content\/uploads\/2012\/03\/P\u00fctnitz-06-Seehalle-V.jpg\" rel=\"lightbox[199]\"><img loading=\"lazy\" decoding=\"async\" class=\"aligncenter size-large wp-image-205\" title=\"P\u00fctnitz 06 - Seehalle V\" src=\"http:\/\/www.flugplaetze-der-luftwaffe.de\/wp-content\/uploads\/2012\/03\/P\u00fctnitz-06-Seehalle-V-1024x682.jpg\" alt=\"\" width=\"640\" height=\"426\" srcset=\"https:\/\/www.flugplaetze-der-luftwaffe.de\/wp-content\/uploads\/2012\/03\/P\u00fctnitz-06-Seehalle-V-1024x682.jpg 1024w, https:\/\/www.flugplaetze-der-luftwaffe.de\/wp-content\/uploads\/2012\/03\/P\u00fctnitz-06-Seehalle-V-300x200.jpg 300w, https:\/\/www.flugplaetze-der-luftwaffe.de\/wp-content\/uploads\/2012\/03\/P\u00fctnitz-06-Seehalle-V.jpg 1080w\" sizes=\"auto, (max-width: 640px) 100vw, 640px\" \/><\/a>Dieses alte Hinweisschild belegt, dass in der Halle Kriegsgefangene und Zwangsarbeiter von Heinkel und Bachmann zu Produktionszwecken eingesetzt wurden.<\/p>\n<h2><a href=\"http:\/\/www.flugplaetze-der-luftwaffe.de\/wp-content\/uploads\/2012\/03\/P\u00fctnitz-07-Hinweisschild.jpg\" rel=\"lightbox[199]\"><img loading=\"lazy\" decoding=\"async\" class=\"aligncenter size-large wp-image-206\" title=\"P\u00fctnitz 07 - Hinweisschild\" src=\"http:\/\/www.flugplaetze-der-luftwaffe.de\/wp-content\/uploads\/2012\/03\/P\u00fctnitz-07-Hinweisschild-1024x682.jpg\" alt=\"\" width=\"640\" height=\"426\" srcset=\"https:\/\/www.flugplaetze-der-luftwaffe.de\/wp-content\/uploads\/2012\/03\/P\u00fctnitz-07-Hinweisschild-1024x682.jpg 1024w, https:\/\/www.flugplaetze-der-luftwaffe.de\/wp-content\/uploads\/2012\/03\/P\u00fctnitz-07-Hinweisschild-300x200.jpg 300w, https:\/\/www.flugplaetze-der-luftwaffe.de\/wp-content\/uploads\/2012\/03\/P\u00fctnitz-07-Hinweisschild.jpg 1080w\" sizes=\"auto, (max-width: 640px) 100vw, 640px\" \/><\/a>Copyright &amp; Danksagung<\/h2>\n<p>An dieser Stelle m\u00f6chte ich mich bei Herrn Gr\u00fcschow noch einmal ausdr\u00fccklich und ganz herzlich f\u00fcr die Aufnahmen und die Erlaubnis, diese zu ver\u00f6ffentlichen, bedanken!<\/p>\n<p>Die Copyright-Rechte f\u00fcr alle Fotos verbleiben bei Herrn Gr\u00fcschow. Das Copyright-Recht f\u00fcr alle Begleittexte, die in diesem Beitrag genutzt wurden, liegt bei J\u00fcrgen Zapf.<\/p>\n","protected":false},"excerpt":{"rendered":"<p>Das in diesem Beitrag verwendete Bildmaterial wurde mir dankenswerterweise von Herrn Frank Gr\u00fcschow zur Verf\u00fcgung gestellt und f\u00fcr eine Ver\u00f6ffentlichung von ihm freigegeben. Es zeigt aktuelle Aufnahmen des Flugplatzes P\u00fctnitz. In weiteren Beitr\u00e4gen werde ich auch noch Aufnahmen der Pl\u00e4tze &hellip; <a href=\"https:\/\/www.flugplaetze-der-luftwaffe.de\/?p=199\">Continue reading <span class=\"meta-nav\">&rarr;<\/span><\/a><\/p>\n","protected":false},"author":4,"featured_media":0,"comment_status":"closed","ping_status":"open","sticky":false,"template":"","format":"standard","meta":{"spay_email":"","footnotes":""},"categories":[7],"tags":[15],"class_list":["post-199","post","type-post","status-publish","format-standard","hentry","category-flugplatze-der-luftwaffe-1934-1945","tag-mecklenburg-vorpommern"],"jetpack_featured_media_url":"","jetpack_shortlink":"https:\/\/wp.me\/p1RjFv-3d","_links":{"self":[{"href":"https:\/\/www.flugplaetze-der-luftwaffe.de\/index.php?rest_route=\/wp\/v2\/posts\/199","targetHints":{"allow":["GET"]}}],"collection":[{"href":"https:\/\/www.flugplaetze-der-luftwaffe.de\/index.php?rest_route=\/wp\/v2\/posts"}],"about":[{"href":"https:\/\/www.flugplaetze-der-luftwaffe.de\/index.php?rest_route=\/wp\/v2\/types\/post"}],"author":[{"embeddable":true,"href":"https:\/\/www.flugplaetze-der-luftwaffe.de\/index.php?rest_route=\/wp\/v2\/users\/4"}],"replies":[{"embeddable":true,"href":"https:\/\/www.flugplaetze-der-luftwaffe.de\/index.php?rest_route=%2Fwp%2Fv2%2Fcomments&post=199"}],"version-history":[{"count":9,"href":"https:\/\/www.flugplaetze-der-luftwaffe.de\/index.php?rest_route=\/wp\/v2\/posts\/199\/revisions"}],"predecessor-version":[{"id":307,"href":"https:\/\/www.flugplaetze-der-luftwaffe.de\/index.php?rest_route=\/wp\/v2\/posts\/199\/revisions\/307"}],"wp:attachment":[{"href":"https:\/\/www.flugplaetze-der-luftwaffe.de\/index.php?rest_route=%2Fwp%2Fv2%2Fmedia&parent=199"}],"wp:term":[{"taxonomy":"category","embeddable":true,"href":"https:\/\/www.flugplaetze-der-luftwaffe.de\/index.php?rest_route=%2Fwp%2Fv2%2Fcategories&post=199"},{"taxonomy":"post_tag","embeddable":true,"href":"https:\/\/www.flugplaetze-der-luftwaffe.de\/index.php?rest_route=%2Fwp%2Fv2%2Ftags&post=199"}],"curies":[{"name":"wp","href":"https:\/\/api.w.org\/{rel}","templated":true}]}}