{"id":195,"date":"2012-03-08T07:00:56","date_gmt":"2012-03-08T06:00:56","guid":{"rendered":"http:\/\/www.flugplaetze-der-luftwaffe.de\/?p=195"},"modified":"2018-06-22T06:48:41","modified_gmt":"2018-06-22T04:48:41","slug":"erganzungen-und-berichtigungen-um-lexikon-aller-flugplatze-von-a-z","status":"publish","type":"post","link":"https:\/\/www.flugplaetze-der-luftwaffe.de\/?p=195","title":{"rendered":"Erg\u00e4nzungen und Berichtigungen zum Lexikon aller Flugpl\u00e4tze von A-Z"},"content":{"rendered":"<p><a href=\"http:\/\/www.flugplaetze-der-luftwaffe.de\/wp-content\/uploads\/2011\/09\/Lexikon_Umschlag_END.jpg\" rel=\"lightbox[195]\"><img loading=\"lazy\" decoding=\"async\" class=\"alignleft size-full wp-image-19\" title=\"Das Lexikon der Flugpl\u00e4tze von A.Z\" src=\"http:\/\/www.flugplaetze-der-luftwaffe.de\/wp-content\/uploads\/2011\/09\/Lexikon_Umschlag_END.jpg\" alt=\"\" width=\"200\" height=\"287\" \/><\/a>Erneut sind zum Band <strong>Lexikon aller Flugpl\u00e4tze von A-Z<\/strong> Korrekturen und Erg\u00e4nzungen verf\u00fcgbar.<\/p>\n<p>Da mit wachsender Anzahl von Eintr\u00e4gen das bisherige Format des Dokuments un\u00fcbersichtlich geworden ist, haben wir diese neue Version in einem \u00fcberarbeiteten Layout gestaltet, welches neben Seitenzahl und Korrektur- \/ Erg\u00e4nzungstext auch das Datum des Eintrags enth\u00e4lt.<\/p>\n<p>Wir hoffen, dass es den Lesern auf diese Weise einfacher gemacht wird, neue Eintr\u00e4ge von bereits bekannten, \u00e4lteren Eintr\u00e4gen zu unterscheiden.<\/p>\n<p>Die neue Version des Dokuments (Stand: M\u00e4rz 2012) kann <a href=\"http:\/\/www.flugplaetze-der-luftwaffe.de\/wp-content\/uploads\/2010\/12\/Lexikon-aller-Flugpl\u00e4tze-Korrekturen-und-Erg\u00e4nzungen-2012-03.pdf\" target=\"_blank\">hier<\/a> heruntergeladen werden.<\/p>\n","protected":false},"excerpt":{"rendered":"<p>Erneut sind zum Band Lexikon aller Flugpl\u00e4tze von A-Z Korrekturen und Erg\u00e4nzungen verf\u00fcgbar. Da mit wachsender Anzahl von Eintr\u00e4gen das bisherige Format des Dokuments un\u00fcbersichtlich geworden ist, haben wir diese neue Version in einem \u00fcberarbeiteten Layout gestaltet, welches neben Seitenzahl &hellip; <a href=\"https:\/\/www.flugplaetze-der-luftwaffe.de\/?p=195\">Continue reading <span class=\"meta-nav\">&rarr;<\/span><\/a><\/p>\n","protected":false},"author":4,"featured_media":0,"comment_status":"closed","ping_status":"open","sticky":false,"template":"","format":"standard","meta":{"spay_email":"","footnotes":""},"categories":[10,5],"tags":[6],"class_list":["post-195","post","type-post","status-publish","format-standard","hentry","category-nachschlagewerke","category-veroffentlichte-bucher","tag-lexikon"],"jetpack_featured_media_url":"","jetpack_shortlink":"https:\/\/wp.me\/p1RjFv-39","_links":{"self":[{"href":"https:\/\/www.flugplaetze-der-luftwaffe.de\/index.php?rest_route=\/wp\/v2\/posts\/195","targetHints":{"allow":["GET"]}}],"collection":[{"href":"https:\/\/www.flugplaetze-der-luftwaffe.de\/index.php?rest_route=\/wp\/v2\/posts"}],"about":[{"href":"https:\/\/www.flugplaetze-der-luftwaffe.de\/index.php?rest_route=\/wp\/v2\/types\/post"}],"author":[{"embeddable":true,"href":"https:\/\/www.flugplaetze-der-luftwaffe.de\/index.php?rest_route=\/wp\/v2\/users\/4"}],"replies":[{"embeddable":true,"href":"https:\/\/www.flugplaetze-der-luftwaffe.de\/index.php?rest_route=%2Fwp%2Fv2%2Fcomments&post=195"}],"version-history":[{"count":4,"href":"https:\/\/www.flugplaetze-der-luftwaffe.de\/index.php?rest_route=\/wp\/v2\/posts\/195\/revisions"}],"predecessor-version":[{"id":308,"href":"https:\/\/www.flugplaetze-der-luftwaffe.de\/index.php?rest_route=\/wp\/v2\/posts\/195\/revisions\/308"}],"wp:attachment":[{"href":"https:\/\/www.flugplaetze-der-luftwaffe.de\/index.php?rest_route=%2Fwp%2Fv2%2Fmedia&parent=195"}],"wp:term":[{"taxonomy":"category","embeddable":true,"href":"https:\/\/www.flugplaetze-der-luftwaffe.de\/index.php?rest_route=%2Fwp%2Fv2%2Fcategories&post=195"},{"taxonomy":"post_tag","embeddable":true,"href":"https:\/\/www.flugplaetze-der-luftwaffe.de\/index.php?rest_route=%2Fwp%2Fv2%2Ftags&post=195"}],"curies":[{"name":"wp","href":"https:\/\/api.w.org\/{rel}","templated":true}]}}