{"id":184,"date":"2012-01-06T13:05:32","date_gmt":"2012-01-06T12:05:32","guid":{"rendered":"http:\/\/www.flugplaetze-der-luftwaffe.de\/?p=184"},"modified":"2018-06-22T06:48:41","modified_gmt":"2018-06-22T04:48:41","slug":"leseprobe-flugplatze-der-luftwaffe-1934-1945-und-was-von-ihnen-ubrig-blieb-band-7-niedersachsen-bremen","status":"publish","type":"post","link":"https:\/\/www.flugplaetze-der-luftwaffe.de\/?p=184","title":{"rendered":"Leseprobe: Flugpl\u00e4tze der Luftwaffe 1934 &#8211; 1945&#8230; und was von ihnen \u00fcbrig blieb &#8211; Band 7: Niedersachsen &#038; Bremen"},"content":{"rendered":"<p><a href=\"http:\/\/www.flugplaetze-der-luftwaffe.de\/wp-content\/uploads\/2011\/10\/Cover-200px.png\" rel=\"lightbox[184]\"><img loading=\"lazy\" decoding=\"async\" class=\"alignleft size-full wp-image-125\" title=\"Band 7: Niedersachsen &amp; Bremen\" src=\"http:\/\/www.flugplaetze-der-luftwaffe.de\/wp-content\/uploads\/2011\/10\/Cover-200px.png\" alt=\"Band 7: Niedersachsen &amp; Bremen\" width=\"200\" height=\"274\" \/><\/a>Wie auch f\u00fcr die vorangegangenen B\u00e4nde m\u00f6chten wir eine Leseprobe anbieten, damit sich Interessenten vorab von Inhalt und Umfang des Buches ein Bild verschaffen k\u00f6nnen.<\/p>\n<p>Die Leseprobe besteht aus repr\u00e4sentativen Seiten des Bandes und wurde direkt aus dem Buch eingescannt. Im Interesse der Dateigr\u00f6\u00dfe aber auch der Einschr\u00e4nkung von Nutzung und Weitergabe des enthaltenen Bildinformationen haben wir bewusst die Qualit\u00e4t der Leseprobe reduziert. Wir bitten hierf\u00fcr um Verst\u00e4ndnis.<\/p>\n<p>Die Leseprobe als PDF Datei (ca. 5,5 MB) k\u00f6nnen Sie <a title=\"Leseproben\" href=\"http:\/\/www.flugplaetze-der-luftwaffe.de\/?page_id=439\" target=\"_blank\">hier<\/a> herunterladen. Wir w\u00fcnschen &#8220;Viel Spa\u00df&#8221; beim Lesen.<\/p>\n","protected":false},"excerpt":{"rendered":"<p>Wie auch f\u00fcr die vorangegangenen B\u00e4nde m\u00f6chten wir eine Leseprobe anbieten, damit sich Interessenten vorab von Inhalt und Umfang des Buches ein Bild verschaffen k\u00f6nnen. Die Leseprobe besteht aus repr\u00e4sentativen Seiten des Bandes und wurde direkt aus dem Buch eingescannt. &hellip; <a href=\"https:\/\/www.flugplaetze-der-luftwaffe.de\/?p=184\">Continue reading <span class=\"meta-nav\">&rarr;<\/span><\/a><\/p>\n","protected":false},"author":4,"featured_media":0,"comment_status":"closed","ping_status":"open","sticky":false,"template":"","format":"standard","meta":{"spay_email":"","footnotes":""},"categories":[7,5],"tags":[20],"class_list":["post-184","post","type-post","status-publish","format-standard","hentry","category-flugplatze-der-luftwaffe-1934-1945","category-veroffentlichte-bucher","tag-niedersachsen"],"jetpack_featured_media_url":"","jetpack_shortlink":"https:\/\/wp.me\/p1RjFv-2Y","_links":{"self":[{"href":"https:\/\/www.flugplaetze-der-luftwaffe.de\/index.php?rest_route=\/wp\/v2\/posts\/184","targetHints":{"allow":["GET"]}}],"collection":[{"href":"https:\/\/www.flugplaetze-der-luftwaffe.de\/index.php?rest_route=\/wp\/v2\/posts"}],"about":[{"href":"https:\/\/www.flugplaetze-der-luftwaffe.de\/index.php?rest_route=\/wp\/v2\/types\/post"}],"author":[{"embeddable":true,"href":"https:\/\/www.flugplaetze-der-luftwaffe.de\/index.php?rest_route=\/wp\/v2\/users\/4"}],"replies":[{"embeddable":true,"href":"https:\/\/www.flugplaetze-der-luftwaffe.de\/index.php?rest_route=%2Fwp%2Fv2%2Fcomments&post=184"}],"version-history":[{"count":8,"href":"https:\/\/www.flugplaetze-der-luftwaffe.de\/index.php?rest_route=\/wp\/v2\/posts\/184\/revisions"}],"predecessor-version":[{"id":467,"href":"https:\/\/www.flugplaetze-der-luftwaffe.de\/index.php?rest_route=\/wp\/v2\/posts\/184\/revisions\/467"}],"wp:attachment":[{"href":"https:\/\/www.flugplaetze-der-luftwaffe.de\/index.php?rest_route=%2Fwp%2Fv2%2Fmedia&parent=184"}],"wp:term":[{"taxonomy":"category","embeddable":true,"href":"https:\/\/www.flugplaetze-der-luftwaffe.de\/index.php?rest_route=%2Fwp%2Fv2%2Fcategories&post=184"},{"taxonomy":"post_tag","embeddable":true,"href":"https:\/\/www.flugplaetze-der-luftwaffe.de\/index.php?rest_route=%2Fwp%2Fv2%2Ftags&post=184"}],"curies":[{"name":"wp","href":"https:\/\/api.w.org\/{rel}","templated":true}]}}