{"id":18,"date":"2010-12-15T12:00:26","date_gmt":"2010-12-15T11:00:26","guid":{"rendered":"http:\/\/www.andreaszapf.de\/FDLBlog\/?p=18"},"modified":"2018-06-22T06:48:41","modified_gmt":"2018-06-22T04:48:41","slug":"das-lexikon-aller-flugplatze-von-a-z","status":"publish","type":"post","link":"https:\/\/www.flugplaetze-der-luftwaffe.de\/?p=18","title":{"rendered":"Das Lexikon aller Flugpl&auml;tze von A-Z"},"content":{"rendered":"<p><a href=\"http:\/\/www.andreaszapf.de\/FDLBlog\/wp-content\/uploads\/2011\/09\/Lexikon_Umschlag_END.jpg\" rel=\"lightbox[18]\"><img loading=\"lazy\" decoding=\"async\" class=\"alignleft size-full wp-image-19\" title=\"Das Lexikon der Flugpl\u00e4tze von A.Z\" src=\"http:\/\/www.andreaszapf.de\/FDLBlog\/wp-content\/uploads\/2011\/09\/Lexikon_Umschlag_END.jpg\" alt=\"\" width=\"200\" height=\"287\" \/><\/a>Mit dem im Oktober 2000 erschienenen ersten von inzwischen sechs B\u00e4nden der Reihe &#8220;Flugpl\u00e4tze der Luftwaffe 1934 &#8211; 1945 und was davon \u00fcbrig blieb&#8221; hatte der Autor erstmals eine zusammengefasste Geschichte der Flugpl\u00e4tze der Luftwaffe in einer Region vorgelegt. Bisherige Ver\u00f6ffentlichungen anderer Verfasser hatten in der Hauptsache die Chronik eines Luftwaffenverbandes oder das eigene pers\u00f6nliche Erleben in der Luftwaffe zum Inhalt. Wenige andere Ver\u00f6ffentlichungen bezogen sich auf die Geschichte eines einzelnen Flugplatzes der Luftwaffe oder aber auf die Geschichte der Verkehrsflugh\u00e4fen.<\/p>\n<p>Auf vielf\u00e4ltigen Wunsch aus dem Kreis der Leser nach einer \u00dcbersicht aller Flugpl\u00e4tze der Luftwaffe entstand mit diesem Buch ein Lexikon aller Pl\u00e4tze auf dem Machtgebiet des Deutschen Reiches am Vorabend des Zweiten Weltkriegs. Aufgef\u00fchrt werden alle die Pl\u00e4tze, die zwischen 1934 und 1945 mindestens kurzfristig von der Luftwaffe genutzt wurden oder zur Nutzung vorgesehen waren. Nicht enthalten sind die Pl\u00e4tze, die zwischen 1909 und 1945 nur als rein zivile Flugfelder bestanden haben.<\/p>\n<p>Der Charakter eines Lexikons bringt es mit sich, dass die aufgef\u00fchrten Pl\u00e4tze nur knapp beschrieben werden. Die ausf\u00fchrlichere Beschreibung einschlie\u00dflich der genauen Angaben der Nutzung durch die Luftwaffe sowie Luftbilder und Bilder bleibt den B\u00e4nden der Reihe vorbehalten.<\/p>\n<p>Auf 568 Seiten DIN A5 werden 1.048 Flugpl\u00e4tze kurz und knapp beschrieben. Zum Band geh\u00f6rt eine Faltkarte, in der alle Flugpl\u00e4tze lagerichtig eingezeichnet sind. Paperback.<\/p>\n<h2>Anmerkungen zum Buch:<\/h2>\n<p>Nach der Ver\u00f6ffentlichung hat es von verschiedenen Seiten Korrekturen und erweiterte Informationen gegeben. Diese k\u00f6nnen Sie <a href=\"http:\/\/www.andreaszapf.de\/blog-fdl-media\/Lexikon-aller-Flugplaetze-Korrekturen-und-Ergaenzungen.pdf\" target=\"_blank\">hier<\/a> als PDF Datei herunterladen.<\/p>\n","protected":false},"excerpt":{"rendered":"<p>Mit dem im Oktober 2000 erschienenen ersten von inzwischen sechs B\u00e4nden der Reihe &#8220;Flugpl\u00e4tze der Luftwaffe 1934 &#8211; 1945 und was davon \u00fcbrig blieb&#8221; hatte der Autor erstmals eine zusammengefasste Geschichte der Flugpl\u00e4tze der Luftwaffe in einer Region vorgelegt. Bisherige &hellip; <a href=\"https:\/\/www.flugplaetze-der-luftwaffe.de\/?p=18\">Continue reading <span class=\"meta-nav\">&rarr;<\/span><\/a><\/p>\n","protected":false},"author":4,"featured_media":0,"comment_status":"closed","ping_status":"open","sticky":false,"template":"","format":"standard","meta":{"spay_email":"","footnotes":""},"categories":[10,5],"tags":[6],"class_list":["post-18","post","type-post","status-publish","format-standard","hentry","category-nachschlagewerke","category-veroffentlichte-bucher","tag-lexikon"],"jetpack_featured_media_url":"","jetpack_shortlink":"https:\/\/wp.me\/p1RjFv-i","_links":{"self":[{"href":"https:\/\/www.flugplaetze-der-luftwaffe.de\/index.php?rest_route=\/wp\/v2\/posts\/18","targetHints":{"allow":["GET"]}}],"collection":[{"href":"https:\/\/www.flugplaetze-der-luftwaffe.de\/index.php?rest_route=\/wp\/v2\/posts"}],"about":[{"href":"https:\/\/www.flugplaetze-der-luftwaffe.de\/index.php?rest_route=\/wp\/v2\/types\/post"}],"author":[{"embeddable":true,"href":"https:\/\/www.flugplaetze-der-luftwaffe.de\/index.php?rest_route=\/wp\/v2\/users\/4"}],"replies":[{"embeddable":true,"href":"https:\/\/www.flugplaetze-der-luftwaffe.de\/index.php?rest_route=%2Fwp%2Fv2%2Fcomments&post=18"}],"version-history":[{"count":12,"href":"https:\/\/www.flugplaetze-der-luftwaffe.de\/index.php?rest_route=\/wp\/v2\/posts\/18\/revisions"}],"predecessor-version":[{"id":512,"href":"https:\/\/www.flugplaetze-der-luftwaffe.de\/index.php?rest_route=\/wp\/v2\/posts\/18\/revisions\/512"}],"wp:attachment":[{"href":"https:\/\/www.flugplaetze-der-luftwaffe.de\/index.php?rest_route=%2Fwp%2Fv2%2Fmedia&parent=18"}],"wp:term":[{"taxonomy":"category","embeddable":true,"href":"https:\/\/www.flugplaetze-der-luftwaffe.de\/index.php?rest_route=%2Fwp%2Fv2%2Fcategories&post=18"},{"taxonomy":"post_tag","embeddable":true,"href":"https:\/\/www.flugplaetze-der-luftwaffe.de\/index.php?rest_route=%2Fwp%2Fv2%2Ftags&post=18"}],"curies":[{"name":"wp","href":"https:\/\/api.w.org\/{rel}","templated":true}]}}