{"id":172,"date":"2011-12-31T12:44:39","date_gmt":"2011-12-31T11:44:39","guid":{"rendered":"http:\/\/www.flugplaetze-der-luftwaffe.de\/?p=172"},"modified":"2018-06-22T06:48:41","modified_gmt":"2018-06-22T04:48:41","slug":"flugplatze-der-luftwaffe-1934-1945-und-was-von-ihnen-ubrig-blieb-band-7-niedersachsen-bremen","status":"publish","type":"post","link":"https:\/\/www.flugplaetze-der-luftwaffe.de\/?p=172","title":{"rendered":"Flugpl\u00e4tze der Luftwaffe 1934 &#8211; 1945&#8230; und was von ihnen \u00fcbrig blieb &#8211; Band 7: Niedersachsen &#038; Bremen"},"content":{"rendered":"<p><a href=\"http:\/\/www.flugplaetze-der-luftwaffe.de\/wp-content\/uploads\/2011\/10\/Cover-200px.png\" rel=\"lightbox[172]\"><img loading=\"lazy\" decoding=\"async\" class=\"alignleft size-full wp-image-125\" title=\"Band 7: Niedersachsen &amp; Bremen\" src=\"http:\/\/www.flugplaetze-der-luftwaffe.de\/wp-content\/uploads\/2011\/10\/Cover-200px.png\" alt=\"Band 7: Niedersachsen &amp; Bremen\" width=\"200\" height=\"274\" \/><\/a>Wie bereits im Oktober <a title=\"Ank\u00fcndigung: Flugpl\u00e4tze der Luftwaffe 1934 \u2013 1945\u2026 und was von ihnen \u00fcbrig blieb \u2013 Band 7: Niedersachsen &amp; Bremen\" href=\"http:\/\/www.flugplaetze-der-luftwaffe.de\/?p=124\">angek\u00fcndigt<\/a>, liegt &#8211; p\u00fcnktlich zum Jahreswechsel &#8211; der nunmehr siebte Band der Serie vor und kann \u00fcber den Buchhandel oder direkt \u00fcber den <a href=\"http:\/\/vdmedien.com\/heinz-nickel-flugplaetze-luftwaffe-19341945-davon-uebrig-blieb-band-niedersachsen-bremen-juergen-zapf-buch_modellbau-11813.html\" target=\"_blank\">VDM Verlag<\/a> bezogen werden.<\/p>\n<p>Auf mehr als 570 Seiten in festem Einband finden sich umfassende Beschreibungen von insgesamt 106 Flugpl\u00e4tzen von A wie <em>Achmer<\/em> bis Z wie <em>Zahrenholz<\/em>, die im Zeitraum von 1934 bis 1945 von der Luftwaffe genutzt wurden.<\/p>\n<p>Das sich in den nunmehr 11 Jahren seit Ver\u00f6ffentlichung des ersten Bandes Ver\u00e4nderungen ergeben, liegt in der Natur der Sache &#8211; aber lassen wir den Autor mit einem Blick auf sein Vorwort selbst sprechen:<\/p>\n<blockquote><p>&#8220;Liebe Leser,<\/p>\n<p>es sind nun gut drei Jahre vergangen, seitdem ich im Juli 2008 das Vorwort zum Band 6: \u201eSchleswig-Holstein &amp; Hamburg\u201c geschrieben habe. Ende des Jahres 2005 hatte ich ja die besondere Dienstaltersgrenze f\u00fcr Soldaten der Bundeswehr in meinem Dienstgrad erreicht und war in den Ruhestand verabschiedet worden. Weite Reisen zu Recherchen vor Ort werden bei den st\u00e4ndig steigenden Preisen, vor allem den Treibstoffpreisen, kaum noch im bisherigen Umfang m\u00f6glich sein. Daher wird sich auch der Charakter der noch folgenden B\u00e4nde etwas \u00e4ndern: Das Schwergewicht wird zuk\u00fcnftig noch mehr auf der Vergangenheit und weniger auf der bildlichen Darstellung der heutigen Verh\u00e4ltnisse liegen m\u00fcssen. Die \u00dcberlassung druckf\u00e4higer Bilder des heutigen Zustandes durch Leser, die das Ziel dieser Buchreihe unterst\u00fctzen wollen, k\u00f6nnte nat\u00fcrlich, wie schon in den letzten beiden B\u00e4nden geschehen, f\u00fcr einen gewissen Ausgleich sorgen.&#8221;<\/p><\/blockquote>\n<p>Das trotz dieser Einschr\u00e4nkungen in fast 12 Monaten Arbeit ein so umfassendes Werk \u00fcber die Flugpl\u00e4tze der Luftwaffe in Niedersachsen und Bremen entstehen konnte, zeigt umso mehr, mit welchem Engagement und mit welcher Genauigkeit erneut die Ergebnisse einer jahrzehntelangen Forschung dem interessierten Leser zug\u00e4nglich gemacht werden sollen.<\/p>\n<p>Und so bleibt auch nichts weiter, als alle unsere Besucher mit einem<\/p>\n<blockquote><p>&#8220;Frohes und gesegnetes neues Jahr 2012&#8221;<\/p><\/blockquote>\n<p>und dem Wunsch auf viele interessante Lese-Stunden zu entlassen. Wir w\u00fcrden uns \u00fcber Reaktionen jedweder Art &#8211; seien sie nun positiv oder negativ &#8211; freuen.<\/p>\n","protected":false},"excerpt":{"rendered":"<p>Wie bereits im Oktober angek\u00fcndigt, liegt &#8211; p\u00fcnktlich zum Jahreswechsel &#8211; der nunmehr siebte Band der Serie vor und kann \u00fcber den Buchhandel oder direkt \u00fcber den VDM Verlag bezogen werden. Auf mehr als 570 Seiten in festem Einband finden &hellip; <a href=\"https:\/\/www.flugplaetze-der-luftwaffe.de\/?p=172\">Continue reading <span class=\"meta-nav\">&rarr;<\/span><\/a><\/p>\n","protected":false},"author":4,"featured_media":0,"comment_status":"closed","ping_status":"open","sticky":false,"template":"","format":"standard","meta":{"spay_email":"","footnotes":""},"categories":[7,5],"tags":[20],"class_list":["post-172","post","type-post","status-publish","format-standard","hentry","category-flugplatze-der-luftwaffe-1934-1945","category-veroffentlichte-bucher","tag-niedersachsen"],"jetpack_featured_media_url":"","jetpack_shortlink":"https:\/\/wp.me\/p1RjFv-2M","_links":{"self":[{"href":"https:\/\/www.flugplaetze-der-luftwaffe.de\/index.php?rest_route=\/wp\/v2\/posts\/172","targetHints":{"allow":["GET"]}}],"collection":[{"href":"https:\/\/www.flugplaetze-der-luftwaffe.de\/index.php?rest_route=\/wp\/v2\/posts"}],"about":[{"href":"https:\/\/www.flugplaetze-der-luftwaffe.de\/index.php?rest_route=\/wp\/v2\/types\/post"}],"author":[{"embeddable":true,"href":"https:\/\/www.flugplaetze-der-luftwaffe.de\/index.php?rest_route=\/wp\/v2\/users\/4"}],"replies":[{"embeddable":true,"href":"https:\/\/www.flugplaetze-der-luftwaffe.de\/index.php?rest_route=%2Fwp%2Fv2%2Fcomments&post=172"}],"version-history":[{"count":10,"href":"https:\/\/www.flugplaetze-der-luftwaffe.de\/index.php?rest_route=\/wp\/v2\/posts\/172\/revisions"}],"predecessor-version":[{"id":185,"href":"https:\/\/www.flugplaetze-der-luftwaffe.de\/index.php?rest_route=\/wp\/v2\/posts\/172\/revisions\/185"}],"wp:attachment":[{"href":"https:\/\/www.flugplaetze-der-luftwaffe.de\/index.php?rest_route=%2Fwp%2Fv2%2Fmedia&parent=172"}],"wp:term":[{"taxonomy":"category","embeddable":true,"href":"https:\/\/www.flugplaetze-der-luftwaffe.de\/index.php?rest_route=%2Fwp%2Fv2%2Fcategories&post=172"},{"taxonomy":"post_tag","embeddable":true,"href":"https:\/\/www.flugplaetze-der-luftwaffe.de\/index.php?rest_route=%2Fwp%2Fv2%2Ftags&post=172"}],"curies":[{"name":"wp","href":"https:\/\/api.w.org\/{rel}","templated":true}]}}