{"id":140,"date":"2011-10-08T23:38:08","date_gmt":"2011-10-08T21:38:08","guid":{"rendered":"http:\/\/www.flugplaetze-der-luftwaffe.de\/?p=140"},"modified":"2018-06-22T06:48:41","modified_gmt":"2018-06-22T04:48:41","slug":"neue-version-der-literaturempfehlungen-verfgbar","status":"publish","type":"post","link":"https:\/\/www.flugplaetze-der-luftwaffe.de\/?p=140","title":{"rendered":"Neue Version der Literaturempfehlungen verf&uuml;gbar&#8230;"},"content":{"rendered":"<p><a href=\"http:\/\/www.flugplaetze-der-luftwaffe.de\/wp-content\/uploads\/2011\/10\/Literaturempfehlungen2.jpg\" rel=\"lightbox[140]\"><img loading=\"lazy\" decoding=\"async\" style=\"background-image: none; border-bottom: 0px; border-left: 0px; margin: 0px 5px 0px 0px; padding-left: 0px; padding-right: 0px; display: inline; float: left; border-top: 0px; border-right: 0px; padding-top: 0px\" title=\"Literaturempfehlungen\" border=\"0\" alt=\"Literaturempfehlungen\" align=\"left\" src=\"http:\/\/www.flugplaetze-der-luftwaffe.de\/wp-content\/uploads\/2011\/10\/Literaturempfehlungen_thumb1.jpg\" width=\"174\" height=\"244\"><\/a>Die Nachforschungen und Arbeiten rund um das Thema <em>Flugpl\u00e4tze der Luftwaffe 1934 \u2013 1945<\/em> und die damit verbundenen Recherchen f\u00fchren im Laufe der Zeit zur Sichtung unz\u00e4hliger Ver\u00f6ffentlichungen zu diesem und angrenzenden Themen.<\/p>\n<p>Sicherlich ist nicht jedes Werk \u2013 ob gro\u00df oder klein \u2013 inhaltlich empfehlenswert. Und sicherlich findet sich das ein oder andere empfehlenswerte Werk, das es nicht auf die <a href=\"http:\/\/www.flugplaetze-der-luftwaffe.de\/?page_id=132\" target=\"_blank\">Liste der Literaturempfehlungen<\/a> geschafft hat. Trotzdem hofft der Autor, mit der hier zur Verf\u00fcgung gestellten Liste einen guten Querschnitt durch die verf\u00fcgbare Literatur liefern zu k\u00f6nnen.<\/p>\n<p>Der ein oder andere Leser mag hier auf der Suche nach neuer (oder alter) Literatur f\u00fcndig werden\u2026<\/p>\n<p>Korrekturen, Anregungen und Erg\u00e4nzungen sind gerne gesehen und ausdr\u00fccklich erw\u00fcnscht.<\/p>\n","protected":false},"excerpt":{"rendered":"<p>Die Nachforschungen und Arbeiten rund um das Thema Flugpl\u00e4tze der Luftwaffe 1934 \u2013 1945 und die damit verbundenen Recherchen f\u00fchren im Laufe der Zeit zur Sichtung unz\u00e4hliger Ver\u00f6ffentlichungen zu diesem und angrenzenden Themen. Sicherlich ist nicht jedes Werk \u2013 ob &hellip; <a href=\"https:\/\/www.flugplaetze-der-luftwaffe.de\/?p=140\">Continue reading <span class=\"meta-nav\">&rarr;<\/span><\/a><\/p>\n","protected":false},"author":4,"featured_media":0,"comment_status":"closed","ping_status":"open","sticky":false,"template":"","format":"standard","meta":{"spay_email":"","footnotes":""},"categories":[22],"tags":[],"class_list":["post-140","post","type-post","status-publish","format-standard","hentry","category-literatur"],"jetpack_featured_media_url":"","jetpack_shortlink":"https:\/\/wp.me\/p1RjFv-2g","_links":{"self":[{"href":"https:\/\/www.flugplaetze-der-luftwaffe.de\/index.php?rest_route=\/wp\/v2\/posts\/140","targetHints":{"allow":["GET"]}}],"collection":[{"href":"https:\/\/www.flugplaetze-der-luftwaffe.de\/index.php?rest_route=\/wp\/v2\/posts"}],"about":[{"href":"https:\/\/www.flugplaetze-der-luftwaffe.de\/index.php?rest_route=\/wp\/v2\/types\/post"}],"author":[{"embeddable":true,"href":"https:\/\/www.flugplaetze-der-luftwaffe.de\/index.php?rest_route=\/wp\/v2\/users\/4"}],"replies":[{"embeddable":true,"href":"https:\/\/www.flugplaetze-der-luftwaffe.de\/index.php?rest_route=%2Fwp%2Fv2%2Fcomments&post=140"}],"version-history":[{"count":4,"href":"https:\/\/www.flugplaetze-der-luftwaffe.de\/index.php?rest_route=\/wp\/v2\/posts\/140\/revisions"}],"predecessor-version":[{"id":312,"href":"https:\/\/www.flugplaetze-der-luftwaffe.de\/index.php?rest_route=\/wp\/v2\/posts\/140\/revisions\/312"}],"wp:attachment":[{"href":"https:\/\/www.flugplaetze-der-luftwaffe.de\/index.php?rest_route=%2Fwp%2Fv2%2Fmedia&parent=140"}],"wp:term":[{"taxonomy":"category","embeddable":true,"href":"https:\/\/www.flugplaetze-der-luftwaffe.de\/index.php?rest_route=%2Fwp%2Fv2%2Fcategories&post=140"},{"taxonomy":"post_tag","embeddable":true,"href":"https:\/\/www.flugplaetze-der-luftwaffe.de\/index.php?rest_route=%2Fwp%2Fv2%2Ftags&post=140"}],"curies":[{"name":"wp","href":"https:\/\/api.w.org\/{rel}","templated":true}]}}