{"id":124,"date":"2011-10-07T13:16:51","date_gmt":"2011-10-07T11:16:51","guid":{"rendered":"http:\/\/www.flugplaetze-der-luftwaffe.de\/?p=124"},"modified":"2018-06-22T06:48:41","modified_gmt":"2018-06-22T04:48:41","slug":"ankundigung-flugplatze-der-luftwaffe-1934-1945-und-was-von-ihnen-ubrig-blieb-band-7-niedersachsen-bremen","status":"publish","type":"post","link":"https:\/\/www.flugplaetze-der-luftwaffe.de\/?p=124","title":{"rendered":"Ank\u00fcndigung: Flugpl\u00e4tze der Luftwaffe 1934 &#8211; 1945&#8230; und was von ihnen \u00fcbrig blieb &#8211; Band 7: Niedersachsen &#038; Bremen"},"content":{"rendered":"<p><a href=\"http:\/\/www.flugplaetze-der-luftwaffe.de\/wp-content\/uploads\/2011\/10\/Cover-200px.png\" rel=\"lightbox[124]\"><img loading=\"lazy\" decoding=\"async\" class=\"alignleft size-full wp-image-125\" title=\"Band 7: Niedersachsen &amp; Bremen\" src=\"http:\/\/www.flugplaetze-der-luftwaffe.de\/wp-content\/uploads\/2011\/10\/Cover-200px.png\" alt=\"Band 7: Niedersachsen &amp; Bremen\" width=\"200\" height=\"274\" \/><\/a>Nachdem die Reihe <em>Flugpl\u00e4tze der Luftwaffe 1934 &#8211; 1945<\/em> Ende 2008 mit <a title=\"Flugpl\u00e4tze der Luftwaffe 1934 \u2013 1945\u2026 und was von ihnen \u00fcbrig blieb \u2013 Band 6: Schleswig-Holstein &amp; Hamburg\" href=\"http:\/\/www.flugplaetze-der-luftwaffe.de\/?p=65\" target=\"_blank\">Band 6: Schleswig-Holstein &amp; Hamburg<\/a> den Sprung in die sogenannten alten Bundesl\u00e4nder geschafft hat, wird noch vor Jahresende mit <em>Band 7: Niedersachsen &amp; Bremen<\/em> diese Erfolgsgeschichte fortgeschrieben.<\/p>\n<p>Mit Niedersachsen und Bremen deckt der Autor jetzt das zweitgr\u00f6\u00dfte Fl\u00e4chenland der Bundesrepublik ab und stellt in gewohnt detaillierten Beschreibungen 106 neue alte Flugpl\u00e4tze auf \u00fcber 550 Seiten vor.<\/p>\n<p>Der Band ist momentan im Druck und wird noch vor Weihnachten 2011 unter den gewohnten <a title=\"Bezugsquellen\" href=\"http:\/\/www.flugplaetze-der-luftwaffe.de\/?page_id=80\" target=\"_blank\">Bezugsquellen <\/a>verf\u00fcgbar sein.<\/p>\n","protected":false},"excerpt":{"rendered":"<p>Nachdem die Reihe Flugpl\u00e4tze der Luftwaffe 1934 &#8211; 1945 Ende 2008 mit Band 6: Schleswig-Holstein &amp; Hamburg den Sprung in die sogenannten alten Bundesl\u00e4nder geschafft hat, wird noch vor Jahresende mit Band 7: Niedersachsen &amp; Bremen diese Erfolgsgeschichte fortgeschrieben. Mit &hellip; <a href=\"https:\/\/www.flugplaetze-der-luftwaffe.de\/?p=124\">Continue reading <span class=\"meta-nav\">&rarr;<\/span><\/a><\/p>\n","protected":false},"author":4,"featured_media":0,"comment_status":"closed","ping_status":"open","sticky":false,"template":"","format":"standard","meta":{"spay_email":"","footnotes":""},"categories":[19],"tags":[21,20],"class_list":["post-124","post","type-post","status-publish","format-standard","hentry","category-ankundigungen-neuerscheinungen","tag-bremen","tag-niedersachsen"],"jetpack_featured_media_url":"","jetpack_shortlink":"https:\/\/wp.me\/p1RjFv-20","_links":{"self":[{"href":"https:\/\/www.flugplaetze-der-luftwaffe.de\/index.php?rest_route=\/wp\/v2\/posts\/124","targetHints":{"allow":["GET"]}}],"collection":[{"href":"https:\/\/www.flugplaetze-der-luftwaffe.de\/index.php?rest_route=\/wp\/v2\/posts"}],"about":[{"href":"https:\/\/www.flugplaetze-der-luftwaffe.de\/index.php?rest_route=\/wp\/v2\/types\/post"}],"author":[{"embeddable":true,"href":"https:\/\/www.flugplaetze-der-luftwaffe.de\/index.php?rest_route=\/wp\/v2\/users\/4"}],"replies":[{"embeddable":true,"href":"https:\/\/www.flugplaetze-der-luftwaffe.de\/index.php?rest_route=%2Fwp%2Fv2%2Fcomments&post=124"}],"version-history":[{"count":4,"href":"https:\/\/www.flugplaetze-der-luftwaffe.de\/index.php?rest_route=\/wp\/v2\/posts\/124\/revisions"}],"predecessor-version":[{"id":154,"href":"https:\/\/www.flugplaetze-der-luftwaffe.de\/index.php?rest_route=\/wp\/v2\/posts\/124\/revisions\/154"}],"wp:attachment":[{"href":"https:\/\/www.flugplaetze-der-luftwaffe.de\/index.php?rest_route=%2Fwp%2Fv2%2Fmedia&parent=124"}],"wp:term":[{"taxonomy":"category","embeddable":true,"href":"https:\/\/www.flugplaetze-der-luftwaffe.de\/index.php?rest_route=%2Fwp%2Fv2%2Fcategories&post=124"},{"taxonomy":"post_tag","embeddable":true,"href":"https:\/\/www.flugplaetze-der-luftwaffe.de\/index.php?rest_route=%2Fwp%2Fv2%2Ftags&post=124"}],"curies":[{"name":"wp","href":"https:\/\/api.w.org\/{rel}","templated":true}]}}