{"id":106,"date":"2011-10-07T10:22:46","date_gmt":"2011-10-07T08:22:46","guid":{"rendered":"http:\/\/www.andreaszapf.de\/FDLBlog\/?p=106"},"modified":"2018-06-22T06:48:41","modified_gmt":"2018-06-22T04:48:41","slug":"flugplatze-der-luftwaffe-de-in-neuem-design","status":"publish","type":"post","link":"https:\/\/www.flugplaetze-der-luftwaffe.de\/?p=106","title":{"rendered":"Flugpl\u00e4tze-der-Luftwaffe.de in neuem Design"},"content":{"rendered":"<p><a href=\"http:\/\/www.andreaszapf.de\/FDLBlog\/wp-content\/uploads\/2011\/10\/AltesLayout.png\" rel=\"lightbox[106]\"><img loading=\"lazy\" decoding=\"async\" class=\"alignleft size-medium wp-image-110\" title=\"AltesLayout\" src=\"http:\/\/www.andreaszapf.de\/FDLBlog\/wp-content\/uploads\/2011\/10\/AltesLayout-300x280.png\" alt=\"\" width=\"300\" height=\"280\" srcset=\"https:\/\/www.flugplaetze-der-luftwaffe.de\/wp-content\/uploads\/2011\/10\/AltesLayout-300x280.png 300w, https:\/\/www.flugplaetze-der-luftwaffe.de\/wp-content\/uploads\/2011\/10\/AltesLayout.png 473w\" sizes=\"auto, (max-width: 300px) 100vw, 300px\" \/><\/a>Seit dem Jahr 2007 stellt Ihnen www.flugpl\u00e4tze-der-luftwaffe.de Informationen und Ausz\u00fcge aus den B\u00fcchern der gleichnamigen Reihe von J\u00fcrgen Zapf zur Verf\u00fcgung.<\/p>\n<p>Jetzt &#8211; vier Jahre sp\u00e4ter &#8211; haben wir das Design und die Inhalte den Gegebenheiten und M\u00f6glichkeiten des Jahres 2011 angepasst.<\/p>\n<p>F\u00fcr Sie bedeutet das nicht nur ein neues Design der Webseite sondern auch die M\u00f6glichkeit, mit dem Autor in direkten Kontakt zu treten. Wir haben &#8211; zun\u00e4chst einmal versuchsweise &#8211; die M\u00f6glichkeit geschaffen, bestimmte Artikel zu kommentieren und sind gespannt auf die Reaktionen unserer Besucher.<\/p>\n<p>Dar\u00fcber hinaus wurden die bereits verf\u00fcgbaren Inhaltsverzeichnisse in PDF Form \u00fcberarbeitet und mit <a title=\"Leseproben\" href=\"http:\/\/www.flugplaetze-der-luftwaffe.de\/?page_id=439\">Leseproben<\/a> deutlich aufgewertet.<\/p>\n<p>Zu guter Letzt wird uns das neue Design M\u00f6glichkeiten der aktuellen Information geben, die vorher so einfach nicht gegeben waren. Wir freuen uns auf Ihren Besuch, Ihre Anregungen und Kritiken und w\u00fcnschen viel Spa\u00df beim Lesen!<\/p>\n","protected":false},"excerpt":{"rendered":"<p>Seit dem Jahr 2007 stellt Ihnen www.flugpl\u00e4tze-der-luftwaffe.de Informationen und Ausz\u00fcge aus den B\u00fcchern der gleichnamigen Reihe von J\u00fcrgen Zapf zur Verf\u00fcgung. Jetzt &#8211; vier Jahre sp\u00e4ter &#8211; haben wir das Design und die Inhalte den Gegebenheiten und M\u00f6glichkeiten des Jahres &hellip; <a href=\"https:\/\/www.flugplaetze-der-luftwaffe.de\/?p=106\">Continue reading <span class=\"meta-nav\">&rarr;<\/span><\/a><\/p>\n","protected":false},"author":4,"featured_media":0,"comment_status":"closed","ping_status":"open","sticky":false,"template":"","format":"standard","meta":{"spay_email":"","footnotes":""},"categories":[11],"tags":[],"class_list":["post-106","post","type-post","status-publish","format-standard","hentry","category-allgemein"],"jetpack_featured_media_url":"","jetpack_shortlink":"https:\/\/wp.me\/p1RjFv-1I","_links":{"self":[{"href":"https:\/\/www.flugplaetze-der-luftwaffe.de\/index.php?rest_route=\/wp\/v2\/posts\/106","targetHints":{"allow":["GET"]}}],"collection":[{"href":"https:\/\/www.flugplaetze-der-luftwaffe.de\/index.php?rest_route=\/wp\/v2\/posts"}],"about":[{"href":"https:\/\/www.flugplaetze-der-luftwaffe.de\/index.php?rest_route=\/wp\/v2\/types\/post"}],"author":[{"embeddable":true,"href":"https:\/\/www.flugplaetze-der-luftwaffe.de\/index.php?rest_route=\/wp\/v2\/users\/4"}],"replies":[{"embeddable":true,"href":"https:\/\/www.flugplaetze-der-luftwaffe.de\/index.php?rest_route=%2Fwp%2Fv2%2Fcomments&post=106"}],"version-history":[{"count":8,"href":"https:\/\/www.flugplaetze-der-luftwaffe.de\/index.php?rest_route=\/wp\/v2\/posts\/106\/revisions"}],"predecessor-version":[{"id":466,"href":"https:\/\/www.flugplaetze-der-luftwaffe.de\/index.php?rest_route=\/wp\/v2\/posts\/106\/revisions\/466"}],"wp:attachment":[{"href":"https:\/\/www.flugplaetze-der-luftwaffe.de\/index.php?rest_route=%2Fwp%2Fv2%2Fmedia&parent=106"}],"wp:term":[{"taxonomy":"category","embeddable":true,"href":"https:\/\/www.flugplaetze-der-luftwaffe.de\/index.php?rest_route=%2Fwp%2Fv2%2Fcategories&post=106"},{"taxonomy":"post_tag","embeddable":true,"href":"https:\/\/www.flugplaetze-der-luftwaffe.de\/index.php?rest_route=%2Fwp%2Fv2%2Ftags&post=106"}],"curies":[{"name":"wp","href":"https:\/\/api.w.org\/{rel}","templated":true}]}}